{"id":4140,"date":"2025-12-19T13:21:47","date_gmt":"2025-12-19T16:21:47","guid":{"rendered":"https:\/\/emasaitabuna.com.br\/new\/?p=4140"},"modified":"2025-12-19T13:23:17","modified_gmt":"2025-12-19T16:23:17","slug":"parceria-entre-emasa-e-prefeitura-fortalece-arborizacao-urbana-com-o-programa-itabuna-mais-verde","status":"publish","type":"post","link":"https:\/\/emasaitabuna.com.br\/new\/parceria-entre-emasa-e-prefeitura-fortalece-arborizacao-urbana-com-o-programa-itabuna-mais-verde\/","title":{"rendered":"Parceria entre EMASA e Prefeitura fortalece arboriza\u00e7\u00e3o urbana com o Programa Itabuna Mais Verde"},"content":{"rendered":"<div id=\"attachment_4142\" style=\"width: 510px\" class=\"wp-caption aligncenter\"><img decoding=\"async\" aria-describedby=\"caption-attachment-4142\" class=\"size-medium wp-image-4142\" src=\"https:\/\/emasaitabuna.com.br\/new\/wp-content\/uploads\/2025\/12\/IMG-20251219-WA0071-500x375.jpg\" alt=\"\" width=\"500\" height=\"375\" srcset=\"https:\/\/emasaitabuna.com.br\/new\/wp-content\/uploads\/2025\/12\/IMG-20251219-WA0071-200x150.jpg 200w, https:\/\/emasaitabuna.com.br\/new\/wp-content\/uploads\/2025\/12\/IMG-20251219-WA0071-300x225.jpg 300w, https:\/\/emasaitabuna.com.br\/new\/wp-content\/uploads\/2025\/12\/IMG-20251219-WA0071-400x300.jpg 400w, https:\/\/emasaitabuna.com.br\/new\/wp-content\/uploads\/2025\/12\/IMG-20251219-WA0071-500x375.jpg 500w, https:\/\/emasaitabuna.com.br\/new\/wp-content\/uploads\/2025\/12\/IMG-20251219-WA0071-600x450.jpg 600w, https:\/\/emasaitabuna.com.br\/new\/wp-content\/uploads\/2025\/12\/IMG-20251219-WA0071-768x576.jpg 768w, https:\/\/emasaitabuna.com.br\/new\/wp-content\/uploads\/2025\/12\/IMG-20251219-WA0071-800x600.jpg 800w, https:\/\/emasaitabuna.com.br\/new\/wp-content\/uploads\/2025\/12\/IMG-20251219-WA0071-1200x900.jpg 1200w, https:\/\/emasaitabuna.com.br\/new\/wp-content\/uploads\/2025\/12\/IMG-20251219-WA0071-1536x1152.jpg 1536w, https:\/\/emasaitabuna.com.br\/new\/wp-content\/uploads\/2025\/12\/IMG-20251219-WA0071.jpg 1600w\" sizes=\"(max-width: 500px) 100vw, 500px\" \/><p id=\"caption-attachment-4142\" class=\"wp-caption-text\">Presidente da EMASA, Ivan Maia, o diretor de Expans\u00e3o e Opera\u00e7\u00e3o, Fernando Duarte e o assessor t\u00e9cnico, Agnaldo Ferreira fizeram plantio de Ip\u00ea Amarelo.<\/p><\/div>\n<p>A Empresa Municipal de \u00c1gua e Saneamento (EMASA), em parceria com a Prefeitura de Itabuna, por meio das secretarias municipais de Agricultura e Meio Ambiente (SEAGRIMA) e de Infraestrutura e Urbanismo (SIURB), participou, no \u00faltimo dia 19 de dezembro, de uma a\u00e7\u00e3o de arboriza\u00e7\u00e3o urbana realizada na Nova Pra\u00e7a da EMASA, no bairro da Mangabinha.<\/p>\n<p>A iniciativa integra o Programa Itabuna Mais Verde e tem como objetivo promover a compensa\u00e7\u00e3o ambiental, ampliar as \u00e1reas verdes da cidade e fortalecer pr\u00e1ticas sustent\u00e1veis alinhadas \u00e0s obras estruturantes do Programa Itabuna 2030.<\/p>\n<p>O primeiro ato de plantio contou com a presen\u00e7a do presidente da EMASA, Ivan Maia, do diretor de Expans\u00e3o e Opera\u00e7\u00e3o, Fernando Duarte, e do assessor t\u00e9cnico, Agnaldo Ferreira, simbolizando o engajamento institucional da empresa com as pol\u00edticas p\u00fablicas voltadas ao meio ambiente e \u00e0 requalifica\u00e7\u00e3o dos espa\u00e7os urbanos.<\/p>\n<p>Durante a a\u00e7\u00e3o, foi realizado o plantio de Ip\u00ea Amarelo (Handroanthus ochraceus), esp\u00e9cie nativa amplamente utilizada em projetos de arboriza\u00e7\u00e3o por sua adapta\u00e7\u00e3o ao clima, contribui\u00e7\u00e3o para o conforto t\u00e9rmico e valoriza\u00e7\u00e3o paisag\u00edstica.<\/p>\n<p>Para o presidente da EMASA, Ivan Maia, a parceria representa um passo importante na constru\u00e7\u00e3o de uma cidade mais verde e resiliente: \u201cA EMASA entende que cuidar da \u00e1gua tamb\u00e9m \u00e9 cuidar do meio ambiente como um todo. Participar do Itabuna Mais Verde \u00e9 contribuir diretamente para a sustentabilidade urbana, para a educa\u00e7\u00e3o ambiental e para a cria\u00e7\u00e3o de espa\u00e7os mais saud\u00e1veis para a popula\u00e7\u00e3o. Essa integra\u00e7\u00e3o entre os \u00f3rg\u00e3os p\u00fablicos \u00e9 fundamental para o futuro da cidade\u201d, destacou.<\/p>\n<p>&#8212;&#8211;<\/p>\n<p>Assessoria de Comunica\u00e7\u00e3o Social da EMASA.<\/p>\n<p>19\/dezembro\/2025.<\/p>\n<p><img decoding=\"async\" class=\"aligncenter size-medium wp-image-4144\" src=\"https:\/\/emasaitabuna.com.br\/new\/wp-content\/uploads\/2025\/12\/IMG-20251219-WA0072-375x500.jpg\" alt=\"\" width=\"375\" height=\"500\" srcset=\"https:\/\/emasaitabuna.com.br\/new\/wp-content\/uploads\/2025\/12\/IMG-20251219-WA0072-200x267.jpg 200w, https:\/\/emasaitabuna.com.br\/new\/wp-content\/uploads\/2025\/12\/IMG-20251219-WA0072-225x300.jpg 225w, https:\/\/emasaitabuna.com.br\/new\/wp-content\/uploads\/2025\/12\/IMG-20251219-WA0072-375x500.jpg 375w, https:\/\/emasaitabuna.com.br\/new\/wp-content\/uploads\/2025\/12\/IMG-20251219-WA0072-400x533.jpg 400w, https:\/\/emasaitabuna.com.br\/new\/wp-content\/uploads\/2025\/12\/IMG-20251219-WA0072-600x800.jpg 600w, https:\/\/emasaitabuna.com.br\/new\/wp-content\/uploads\/2025\/12\/IMG-20251219-WA0072-768x1024.jpg 768w, https:\/\/emasaitabuna.com.br\/new\/wp-content\/uploads\/2025\/12\/IMG-20251219-WA0072-800x1067.jpg 800w, https:\/\/emasaitabuna.com.br\/new\/wp-content\/uploads\/2025\/12\/IMG-20251219-WA0072-900x1200.jpg 900w, https:\/\/emasaitabuna.com.br\/new\/wp-content\/uploads\/2025\/12\/IMG-20251219-WA0072-1152x1536.jpg 1152w, https:\/\/emasaitabuna.com.br\/new\/wp-content\/uploads\/2025\/12\/IMG-20251219-WA0072.jpg 1200w\" sizes=\"(max-width: 375px) 100vw, 375px\" \/><\/p>\n","protected":false},"excerpt":{"rendered":"<p>A Empresa Municipal de \u00c1gua e Saneamento (EMASA), em parceria com a Prefeitura de Itabuna, por meio das secretarias municipais [&hellip;]<\/p>\n","protected":false},"author":1,"featured_media":4142,"comment_status":"open","ping_status":"open","sticky":false,"template":"","format":"standard","meta":{"nf_dc_page":"","footnotes":""},"categories":[9],"tags":[],"class_list":["post-4140","post","type-post","status-publish","format-standard","has-post-thumbnail","hentry","category-noticias"],"_links":{"self":[{"href":"https:\/\/emasaitabuna.com.br\/new\/wp-json\/wp\/v2\/posts\/4140","targetHints":{"allow":["GET"]}}],"collection":[{"href":"https:\/\/emasaitabuna.com.br\/new\/wp-json\/wp\/v2\/posts"}],"about":[{"href":"https:\/\/emasaitabuna.com.br\/new\/wp-json\/wp\/v2\/types\/post"}],"author":[{"embeddable":true,"href":"https:\/\/emasaitabuna.com.br\/new\/wp-json\/wp\/v2\/users\/1"}],"replies":[{"embeddable":true,"href":"https:\/\/emasaitabuna.com.br\/new\/wp-json\/wp\/v2\/comments?post=4140"}],"version-history":[{"count":3,"href":"https:\/\/emasaitabuna.com.br\/new\/wp-json\/wp\/v2\/posts\/4140\/revisions"}],"predecessor-version":[{"id":4145,"href":"https:\/\/emasaitabuna.com.br\/new\/wp-json\/wp\/v2\/posts\/4140\/revisions\/4145"}],"wp:featuredmedia":[{"embeddable":true,"href":"https:\/\/emasaitabuna.com.br\/new\/wp-json\/wp\/v2\/media\/4142"}],"wp:attachment":[{"href":"https:\/\/emasaitabuna.com.br\/new\/wp-json\/wp\/v2\/media?parent=4140"}],"wp:term":[{"taxonomy":"category","embeddable":true,"href":"https:\/\/emasaitabuna.com.br\/new\/wp-json\/wp\/v2\/categories?post=4140"},{"taxonomy":"post_tag","embeddable":true,"href":"https:\/\/emasaitabuna.com.br\/new\/wp-json\/wp\/v2\/tags?post=4140"}],"curies":[{"name":"wp","href":"https:\/\/api.w.org\/{rel}","templated":true}]}}