{"id":4146,"date":"2025-12-19T17:38:41","date_gmt":"2025-12-19T20:38:41","guid":{"rendered":"https:\/\/emasaitabuna.com.br\/new\/?p=4146"},"modified":"2025-12-19T20:41:06","modified_gmt":"2025-12-19T23:41:06","slug":"emasa-discute-acoes-para-garantir-o-abastecimento-de-agua-durante-o-verao","status":"publish","type":"post","link":"https:\/\/emasaitabuna.com.br\/new\/emasa-discute-acoes-para-garantir-o-abastecimento-de-agua-durante-o-verao\/","title":{"rendered":"EMASA discute a\u00e7\u00f5es para garantir o abastecimento de \u00e1gua durante o ver\u00e3o"},"content":{"rendered":"<div id=\"attachment_4148\" style=\"width: 510px\" class=\"wp-caption aligncenter\"><img decoding=\"async\" aria-describedby=\"caption-attachment-4148\" class=\"size-medium wp-image-4148\" src=\"https:\/\/emasaitabuna.com.br\/new\/wp-content\/uploads\/2025\/12\/IMG-20251219-WA00741-500x375.jpg\" alt=\"\" width=\"500\" height=\"375\" srcset=\"https:\/\/emasaitabuna.com.br\/new\/wp-content\/uploads\/2025\/12\/IMG-20251219-WA00741-200x150.jpg 200w, https:\/\/emasaitabuna.com.br\/new\/wp-content\/uploads\/2025\/12\/IMG-20251219-WA00741-300x225.jpg 300w, https:\/\/emasaitabuna.com.br\/new\/wp-content\/uploads\/2025\/12\/IMG-20251219-WA00741-400x300.jpg 400w, https:\/\/emasaitabuna.com.br\/new\/wp-content\/uploads\/2025\/12\/IMG-20251219-WA00741-500x375.jpg 500w, https:\/\/emasaitabuna.com.br\/new\/wp-content\/uploads\/2025\/12\/IMG-20251219-WA00741-600x450.jpg 600w, https:\/\/emasaitabuna.com.br\/new\/wp-content\/uploads\/2025\/12\/IMG-20251219-WA00741-768x576.jpg 768w, https:\/\/emasaitabuna.com.br\/new\/wp-content\/uploads\/2025\/12\/IMG-20251219-WA00741-800x600.jpg 800w, https:\/\/emasaitabuna.com.br\/new\/wp-content\/uploads\/2025\/12\/IMG-20251219-WA00741-1200x900.jpg 1200w, https:\/\/emasaitabuna.com.br\/new\/wp-content\/uploads\/2025\/12\/IMG-20251219-WA00741-1536x1152.jpg 1536w, https:\/\/emasaitabuna.com.br\/new\/wp-content\/uploads\/2025\/12\/IMG-20251219-WA00741.jpg 1600w\" sizes=\"(max-width: 500px) 100vw, 500px\" \/><p id=\"caption-attachment-4148\" class=\"wp-caption-text\">Reuni\u00e3o de t\u00e9cnicos da EMASA, define estrat\u00e9gias para o Ver\u00e3o 2025\/2026.<\/p><\/div>\n<p>O Instituto de Meteorologia Climatempo realizou proje\u00e7\u00f5es climatol\u00f3gicas para o per\u00edodo do ver\u00e3o na Bahia. As previs\u00f5es da empresa de climatologia \u00e9 que as temperaturas possam atingir a faixa do dos 38\u00baC, com sensa\u00e7\u00e3o t\u00e9rmica dos 40\u00baC.<\/p>\n<p>Com o intuito de desenvolver a\u00e7\u00f5es para o enfrentamento da esta\u00e7\u00e3o mais quente do ano, a dire\u00e7\u00e3o da Empresa Municipal de \u00c1guas e Saneamento (EMASA) realizou o primeiro de uma s\u00e9rie de encontros com t\u00e9cnicos da empresa, no \u00faltimo dia 15, no audit\u00f3rio da Esta\u00e7\u00e3o de Tratamento de \u00c1gua (ETA), no bairro S\u00e3o Louren\u00e7o.<\/p>\n<p>O presidente da EMASA, Ivan Maia, pediu a ado\u00e7\u00e3o de medidas preventivas para n\u00e3o comprometer o abastecimento de \u00e1gua em Itabuna, no enfretamento do ver\u00e3o 2025\/2026. Dentre as a\u00e7\u00f5es ser\u00e1 realizada a manuten\u00e7\u00e3o e limpeza na rede el\u00e9trica rural da Esta\u00e7\u00e3o de Rio do Bra\u00e7o, revis\u00e3o dos motores das motobombas que atendem as esta\u00e7\u00f5es, menor tempo para reparos de vazamentos na rede de distribui\u00e7\u00e3o e uma campanha de conscientiza\u00e7\u00e3o para que a popula\u00e7\u00e3o fa\u00e7a o consumo racional e consciente da \u00e1gua.<\/p>\n<p>\u201cItabuna e regi\u00e3o passaram por longos per\u00edodos de estiagem no final dos anos de 1990 e entre 2015 e 2016. Atualmente, contamos com a Barragem do Rio Col\u00f4nia, em Itap\u00e9, e o Projeto Mais \u00c1gua, onde fazemos a reserva\u00e7\u00e3o de oito milh\u00f5es de litros de \u00e1gua, que atendem as regi\u00f5es sul, leste e oeste da cidade.<\/p>\n<p>S\u00e3o equipamento que nos d\u00e3o certa seguran\u00e7a h\u00eddrica. Por\u00e9m, contamos com a popula\u00e7\u00e3o para que evite o desperd\u00edcio e fa\u00e7a o uso adequado da \u00e1gua, que \u00e9 um bem finito\u201d, adverte o presidente da EMASA, Ivan Maia.<\/p>\n<p>Na reuni\u00e3o o superintendente de Opera\u00e7\u00e3o e Expans\u00e3o, Anderson Alves, fez uma ampla explana\u00e7\u00e3o sobre a previs\u00e3o climatol\u00f3gica para a regi\u00e3o Sul da Bahia, que aponta para um per\u00edodo muito quente.<\/p>\n<p>\u201cTodas as previs\u00f5es citam que teremos um dos ver\u00f5es mais quentes e sem a influ\u00eancia do fen\u00f4meno La Nin\u00e3. As chuvas devem ocorrer, inclusive h\u00e1 possibilidade de ocorrerem na regi\u00e3o neste domingo e segunda-feira, o que n\u00e3o vai diminuir as altas temperaturas. Ao contr\u00e1rio, contribuem para aumentar o n\u00edvel de \u00e1gua na Barragem do Rio Col\u00f4nia, em Itap\u00e9, que nos dar\u00e1 uma seguran\u00e7a h\u00eddrica por um per\u00edodo n\u00e3o muito longo\u201d, explica Anderson Alves.<\/p>\n<p>Al\u00e9m do presidente Ivan Maia e do superintendente de Expans\u00e3o e Opera\u00e7\u00f5es, Anderson Alves, tamb\u00e9m participaram da reuni\u00e3o os diretores de Relacionamento com o Cliente e Financeiro, Fernando Duarte e Ronaldo J\u00fanior, respectivamente.<\/p>\n<p>Tamb\u00e9m os gerentes de Saneamento, Tauan Sampaio; Atendimento, Marta Reis; Comercial, Mateus Cruz; Licita\u00e7\u00f5es Compras e Suprimentos, Ruy Correia J\u00fanior; coordenador de Suporte Operacional, Roberto Alves; chefe do setor de Corte e Abastecimento, Caio Maciel; assessora da Presid\u00eancia, Josi Alves; Mateus Monteiro, coordenador de Planejamento; encarregado de Efici\u00eancia Energ\u00e9tica, Ricardo Benevides.<\/p>\n<p>&#8212;&#8212;<\/p>\n<p>Assessoria de Comunica\u00e7\u00e3o Social da EMASA<\/p>\n<p>19\/dezembro\/2025<\/p>\n","protected":false},"excerpt":{"rendered":"<p>O Instituto de Meteorologia Climatempo realizou proje\u00e7\u00f5es climatol\u00f3gicas para o per\u00edodo do ver\u00e3o na Bahia. As previs\u00f5es da empresa de [&hellip;]<\/p>\n","protected":false},"author":1,"featured_media":4148,"comment_status":"open","ping_status":"open","sticky":false,"template":"","format":"standard","meta":{"nf_dc_page":"","footnotes":""},"categories":[9],"tags":[],"class_list":["post-4146","post","type-post","status-publish","format-standard","has-post-thumbnail","hentry","category-noticias"],"_links":{"self":[{"href":"https:\/\/emasaitabuna.com.br\/new\/wp-json\/wp\/v2\/posts\/4146","targetHints":{"allow":["GET"]}}],"collection":[{"href":"https:\/\/emasaitabuna.com.br\/new\/wp-json\/wp\/v2\/posts"}],"about":[{"href":"https:\/\/emasaitabuna.com.br\/new\/wp-json\/wp\/v2\/types\/post"}],"author":[{"embeddable":true,"href":"https:\/\/emasaitabuna.com.br\/new\/wp-json\/wp\/v2\/users\/1"}],"replies":[{"embeddable":true,"href":"https:\/\/emasaitabuna.com.br\/new\/wp-json\/wp\/v2\/comments?post=4146"}],"version-history":[{"count":2,"href":"https:\/\/emasaitabuna.com.br\/new\/wp-json\/wp\/v2\/posts\/4146\/revisions"}],"predecessor-version":[{"id":4149,"href":"https:\/\/emasaitabuna.com.br\/new\/wp-json\/wp\/v2\/posts\/4146\/revisions\/4149"}],"wp:featuredmedia":[{"embeddable":true,"href":"https:\/\/emasaitabuna.com.br\/new\/wp-json\/wp\/v2\/media\/4148"}],"wp:attachment":[{"href":"https:\/\/emasaitabuna.com.br\/new\/wp-json\/wp\/v2\/media?parent=4146"}],"wp:term":[{"taxonomy":"category","embeddable":true,"href":"https:\/\/emasaitabuna.com.br\/new\/wp-json\/wp\/v2\/categories?post=4146"},{"taxonomy":"post_tag","embeddable":true,"href":"https:\/\/emasaitabuna.com.br\/new\/wp-json\/wp\/v2\/tags?post=4146"}],"curies":[{"name":"wp","href":"https:\/\/api.w.org\/{rel}","templated":true}]}}