{"id":4165,"date":"2025-12-28T11:47:34","date_gmt":"2025-12-28T14:47:34","guid":{"rendered":"https:\/\/emasaitabuna.com.br\/new\/?p=4165"},"modified":"2025-12-30T11:48:44","modified_gmt":"2025-12-30T14:48:44","slug":"quebramento-de-rede-da-emasa-afetara-o-fornecimento-de-agua-em-alguns-bairros-da-zona-sul-de-itabuna-2","status":"publish","type":"post","link":"https:\/\/emasaitabuna.com.br\/new\/quebramento-de-rede-da-emasa-afetara-o-fornecimento-de-agua-em-alguns-bairros-da-zona-sul-de-itabuna-2\/","title":{"rendered":"Quebramento de rede  da EMASA afetar\u00e1 o fornecimento de \u00e1gua em alguns bairros da zona sul de Itabuna"},"content":{"rendered":"<p>O rompimento de uma rede de distribui\u00e7\u00e3o de \u00e1gua de 200 mil\u00edmetros, na Rua de F\u00e1tima (final de linha), do bairro Daniel Gomes, vai comprometer o abastecimento nas localidades do Alto da Conquista, Fonseca, parte do Maria Pinheiro e o pr\u00f3prio Daniel Gomes.<\/p>\n<p>O superintendente de Expans\u00e3o e Opera\u00e7\u00e3o da Empresa Municipal de \u00c1guas e Saneamento (EMASA), Anderson Alves, afirmou que os bairros afetados com o quebramento da rede, estavam com aproximadamente 80 por cento do abastecimento conclu\u00eddo.<\/p>\n<p>\u201cCom exce\u00e7\u00e3o do bairro Alto da Conquista, que teria o fornecimento de \u00e1gua iniciado amanh\u00e3, dia 29, os demais bairros, j\u00e1 haviam sido atendidos em cerca de 80 por cento. Com essa interrup\u00e7\u00e3o, infelizmente, o abastecimento de \u00e1gua nessas localidades est\u00e1 sacrificado\u201d, disse Anderson Alves.<\/p>\n<p>Ainda segundo Alves, um complicador para o reparo da rede \u00e9 o fato de haver um im\u00f3vel erguido de forma irregular sobre a adutora.<\/p>\n<p>\u201cComo a rede adutora est\u00e1 embaixo de uma edifica\u00e7\u00e3o, teremos que realizar o desvio da rede, o que demanda algum tempo. Vamos centrar esfor\u00e7os para viabilizar o conserto com a m\u00e1xima brevidade, para n\u00e3o causar maior desconforto aos moradores dos bairros afetados\u201d, salientou o superintendente de Expans\u00e3o e Opera\u00e7\u00e3o da EMASA.<\/p>\n<p>Anderson Alves pediu a compreens\u00e3o dos residentes dos bairros prejudicados e lembrou da import\u00e2ncia de fazer o uso consciente e racional da \u00e1gua.<\/p>\n<p>\u201cEstamos na esta\u00e7\u00e3o mais quente do ano, quando h\u00e1 um aumento no consumo de \u00e1gua. Por\u00e9m, \u00e9 fundamental fazer o uso racional da \u00e1gua, evitando o desperd\u00edcio\u201d, apelou Anderson Alves<\/p>\n<p>\u2014&#8212;<br \/>\nAssessoria de Comunica\u00e7\u00e3o Social da EMASA.<br \/>\n28\/dezembro\/2025.<\/p>\n","protected":false},"excerpt":{"rendered":"<p>O rompimento de uma rede de distribui\u00e7\u00e3o de \u00e1gua de 200 mil\u00edmetros, na Rua de F\u00e1tima (final de linha), do [&hellip;]<\/p>\n","protected":false},"author":1,"featured_media":4166,"comment_status":"open","ping_status":"open","sticky":false,"template":"","format":"standard","meta":{"nf_dc_page":"","footnotes":""},"categories":[9],"tags":[],"class_list":["post-4165","post","type-post","status-publish","format-standard","has-post-thumbnail","hentry","category-noticias"],"_links":{"self":[{"href":"https:\/\/emasaitabuna.com.br\/new\/wp-json\/wp\/v2\/posts\/4165","targetHints":{"allow":["GET"]}}],"collection":[{"href":"https:\/\/emasaitabuna.com.br\/new\/wp-json\/wp\/v2\/posts"}],"about":[{"href":"https:\/\/emasaitabuna.com.br\/new\/wp-json\/wp\/v2\/types\/post"}],"author":[{"embeddable":true,"href":"https:\/\/emasaitabuna.com.br\/new\/wp-json\/wp\/v2\/users\/1"}],"replies":[{"embeddable":true,"href":"https:\/\/emasaitabuna.com.br\/new\/wp-json\/wp\/v2\/comments?post=4165"}],"version-history":[{"count":1,"href":"https:\/\/emasaitabuna.com.br\/new\/wp-json\/wp\/v2\/posts\/4165\/revisions"}],"predecessor-version":[{"id":4167,"href":"https:\/\/emasaitabuna.com.br\/new\/wp-json\/wp\/v2\/posts\/4165\/revisions\/4167"}],"wp:featuredmedia":[{"embeddable":true,"href":"https:\/\/emasaitabuna.com.br\/new\/wp-json\/wp\/v2\/media\/4166"}],"wp:attachment":[{"href":"https:\/\/emasaitabuna.com.br\/new\/wp-json\/wp\/v2\/media?parent=4165"}],"wp:term":[{"taxonomy":"category","embeddable":true,"href":"https:\/\/emasaitabuna.com.br\/new\/wp-json\/wp\/v2\/categories?post=4165"},{"taxonomy":"post_tag","embeddable":true,"href":"https:\/\/emasaitabuna.com.br\/new\/wp-json\/wp\/v2\/tags?post=4165"}],"curies":[{"name":"wp","href":"https:\/\/api.w.org\/{rel}","templated":true}]}}