{"id":4168,"date":"2025-12-29T11:49:06","date_gmt":"2025-12-29T14:49:06","guid":{"rendered":"https:\/\/emasaitabuna.com.br\/new\/?p=4168"},"modified":"2025-12-30T11:50:27","modified_gmt":"2025-12-30T14:50:27","slug":"emasa-preve-finalizar-reparo-da-rede-de-distribuicao-rompida-no-daniel-gomes-ate-amanha","status":"publish","type":"post","link":"https:\/\/emasaitabuna.com.br\/new\/emasa-preve-finalizar-reparo-da-rede-de-distribuicao-rompida-no-daniel-gomes-ate-amanha\/","title":{"rendered":"EMASA prev\u00ea finalizar reparo da rede de distribui\u00e7\u00e3o rompida no Daniel Gomes at\u00e9 amanh\u00e3"},"content":{"rendered":"<div id=\"attachment_4169\" style=\"width: 510px\" class=\"wp-caption aligncenter\"><img decoding=\"async\" aria-describedby=\"caption-attachment-4169\" class=\"wp-image-4169 size-medium\" src=\"https:\/\/emasaitabuna.com.br\/new\/wp-content\/uploads\/2025\/12\/EMASA-trabalha-para-concluir-reparo-da-rede-de-distribuicao-de-agua-no-Daniel-Gomes-ate-amanha-500x333.jpeg\" alt=\"\" width=\"500\" height=\"333\" srcset=\"https:\/\/emasaitabuna.com.br\/new\/wp-content\/uploads\/2025\/12\/EMASA-trabalha-para-concluir-reparo-da-rede-de-distribuicao-de-agua-no-Daniel-Gomes-ate-amanha-200x133.jpeg 200w, https:\/\/emasaitabuna.com.br\/new\/wp-content\/uploads\/2025\/12\/EMASA-trabalha-para-concluir-reparo-da-rede-de-distribuicao-de-agua-no-Daniel-Gomes-ate-amanha-300x200.jpeg 300w, https:\/\/emasaitabuna.com.br\/new\/wp-content\/uploads\/2025\/12\/EMASA-trabalha-para-concluir-reparo-da-rede-de-distribuicao-de-agua-no-Daniel-Gomes-ate-amanha-400x267.jpeg 400w, https:\/\/emasaitabuna.com.br\/new\/wp-content\/uploads\/2025\/12\/EMASA-trabalha-para-concluir-reparo-da-rede-de-distribuicao-de-agua-no-Daniel-Gomes-ate-amanha-500x333.jpeg 500w, https:\/\/emasaitabuna.com.br\/new\/wp-content\/uploads\/2025\/12\/EMASA-trabalha-para-concluir-reparo-da-rede-de-distribuicao-de-agua-no-Daniel-Gomes-ate-amanha-600x400.jpeg 600w, https:\/\/emasaitabuna.com.br\/new\/wp-content\/uploads\/2025\/12\/EMASA-trabalha-para-concluir-reparo-da-rede-de-distribuicao-de-agua-no-Daniel-Gomes-ate-amanha-768x512.jpeg 768w, https:\/\/emasaitabuna.com.br\/new\/wp-content\/uploads\/2025\/12\/EMASA-trabalha-para-concluir-reparo-da-rede-de-distribuicao-de-agua-no-Daniel-Gomes-ate-amanha-800x533.jpeg 800w, https:\/\/emasaitabuna.com.br\/new\/wp-content\/uploads\/2025\/12\/EMASA-trabalha-para-concluir-reparo-da-rede-de-distribuicao-de-agua-no-Daniel-Gomes-ate-amanha-1200x800.jpeg 1200w, https:\/\/emasaitabuna.com.br\/new\/wp-content\/uploads\/2025\/12\/EMASA-trabalha-para-concluir-reparo-da-rede-de-distribuicao-de-agua-no-Daniel-Gomes-ate-amanha-1536x1023.jpeg 1536w, https:\/\/emasaitabuna.com.br\/new\/wp-content\/uploads\/2025\/12\/EMASA-trabalha-para-concluir-reparo-da-rede-de-distribuicao-de-agua-no-Daniel-Gomes-ate-amanha.jpeg 1600w\" sizes=\"(max-width: 500px) 100vw, 500px\" \/><p id=\"caption-attachment-4169\" class=\"wp-caption-text\">EMASA trabalha para concluir reparo da rede de distribui\u00e7\u00e3o de \u00e1gua no Daniel Gomes at\u00e9 amanh\u00e3.<\/p><\/div>\n<p>T\u00e9cnicos e oper\u00e1rios da Empresa Municipal de \u00c1guas e Saneamento (EMASA) iniciaram na manh\u00e3 desta segunda-feira, dia 29, os reparos da rede de distribui\u00e7\u00e3o de \u00e1gua de 200 mil\u00edmetros rompida na Rua de F\u00e1tima, final de linha do bairro Daniel Gomes. O rompimento da rede ocorreu no domingo comprometendo o fornecimento de \u00e1gua no Alto da Conquista e parte do Maria Pinheiro, Fonseca e no pr\u00f3prio Daniel Gomes.<\/p>\n<p>De acordo com o superintendente de Expans\u00e3o e Opera\u00e7\u00e3o da EMASA, Anderson Alves, depois de um detalhado estudo optou-se por realizar o desvio da rede, j\u00e1 que uma edifica\u00e7\u00e3o que atende a Associa\u00e7\u00e3o de Moradores do Bairro, foi erguida sobre a rede de forma irregular.<\/p>\n<p>\u201cOptamos por desviar a rede de distribui\u00e7\u00e3o de \u00e1gua, uma vez que realizar o servi\u00e7o de reparo dentro do im\u00f3vel colocaria em risco a seguran\u00e7a dos oper\u00e1rios e seria completamente invi\u00e1vel demolir o pr\u00e9dio, mesmo sendo uma constru\u00e7\u00e3o irregular sobre a rede\u201d, explicou Anderson Alves.<\/p>\n<p>O presidente da EMASA, Ivan Maia, acompanhou o in\u00edcio dos servi\u00e7os e previu que os trabalhos de desvio da rede ser\u00e3o conclu\u00eddos at\u00e9 amanh\u00e3, dia 30. \u201cMesmo diante das dificuldades em executar os servi\u00e7os, vamos centrar esfor\u00e7os para que tudo seja finalizado no prazo e n\u00e3o provoque maiores transtornos aos moradores dos bairros afetados\u201d, afirmou.<\/p>\n<p>Antes do rompimento da rede de distribui\u00e7\u00e3o cerca 80 por cento das localidades afetadas estavam com o fornecimento de \u00e1gua assegurado. A exce\u00e7\u00e3o foi o Alto da Conquista, no Maria Pinheiro, que teria o abastecimento iniciado na madrugada de hoje. Por isso, a recomenda\u00e7\u00e3o \u00e9 que a popula\u00e7\u00e3o fa\u00e7a o uso racional da \u00e1gua, evitando o desperd\u00edcio.<\/p>\n<p>&#8212;-<br \/>\nAssessoria de Comunica\u00e7\u00e3o Social da EMASA<br \/>\n29\/dezembro\/2025<\/p>\n","protected":false},"excerpt":{"rendered":"<p>T\u00e9cnicos e oper\u00e1rios da Empresa Municipal de \u00c1guas e Saneamento (EMASA) iniciaram na manh\u00e3 desta segunda-feira, dia 29, os reparos [&hellip;]<\/p>\n","protected":false},"author":1,"featured_media":4169,"comment_status":"open","ping_status":"open","sticky":false,"template":"","format":"standard","meta":{"nf_dc_page":"","footnotes":""},"categories":[9],"tags":[],"class_list":["post-4168","post","type-post","status-publish","format-standard","has-post-thumbnail","hentry","category-noticias"],"_links":{"self":[{"href":"https:\/\/emasaitabuna.com.br\/new\/wp-json\/wp\/v2\/posts\/4168","targetHints":{"allow":["GET"]}}],"collection":[{"href":"https:\/\/emasaitabuna.com.br\/new\/wp-json\/wp\/v2\/posts"}],"about":[{"href":"https:\/\/emasaitabuna.com.br\/new\/wp-json\/wp\/v2\/types\/post"}],"author":[{"embeddable":true,"href":"https:\/\/emasaitabuna.com.br\/new\/wp-json\/wp\/v2\/users\/1"}],"replies":[{"embeddable":true,"href":"https:\/\/emasaitabuna.com.br\/new\/wp-json\/wp\/v2\/comments?post=4168"}],"version-history":[{"count":1,"href":"https:\/\/emasaitabuna.com.br\/new\/wp-json\/wp\/v2\/posts\/4168\/revisions"}],"predecessor-version":[{"id":4170,"href":"https:\/\/emasaitabuna.com.br\/new\/wp-json\/wp\/v2\/posts\/4168\/revisions\/4170"}],"wp:featuredmedia":[{"embeddable":true,"href":"https:\/\/emasaitabuna.com.br\/new\/wp-json\/wp\/v2\/media\/4169"}],"wp:attachment":[{"href":"https:\/\/emasaitabuna.com.br\/new\/wp-json\/wp\/v2\/media?parent=4168"}],"wp:term":[{"taxonomy":"category","embeddable":true,"href":"https:\/\/emasaitabuna.com.br\/new\/wp-json\/wp\/v2\/categories?post=4168"},{"taxonomy":"post_tag","embeddable":true,"href":"https:\/\/emasaitabuna.com.br\/new\/wp-json\/wp\/v2\/tags?post=4168"}],"curies":[{"name":"wp","href":"https:\/\/api.w.org\/{rel}","templated":true}]}}