{"id":4171,"date":"2025-12-29T11:50:45","date_gmt":"2025-12-29T14:50:45","guid":{"rendered":"https:\/\/emasaitabuna.com.br\/new\/?p=4171"},"modified":"2025-12-30T11:52:11","modified_gmt":"2025-12-30T14:52:11","slug":"emasa-aguarda-avaliacao-de-estudo-apresentado-a-arsepi-para-definir-a-revisao-da-tarifa-de-agua","status":"publish","type":"post","link":"https:\/\/emasaitabuna.com.br\/new\/emasa-aguarda-avaliacao-de-estudo-apresentado-a-arsepi-para-definir-a-revisao-da-tarifa-de-agua\/","title":{"rendered":"EMASA aguarda avalia\u00e7\u00e3o de estudo apresentado \u00e0 ARSEPI para definir a revis\u00e3o da tarifa de \u00e1gua"},"content":{"rendered":"<div id=\"attachment_4172\" style=\"width: 510px\" class=\"wp-caption aligncenter\"><img decoding=\"async\" aria-describedby=\"caption-attachment-4172\" class=\"size-medium wp-image-4172\" src=\"https:\/\/emasaitabuna.com.br\/new\/wp-content\/uploads\/2025\/12\/EMASA-solicita-da-ARSEPI-reajuste-na-tarifa-de-agua-para-repor-perdas-da-inflacao-e-custos-operacionais-500x333.jpeg\" alt=\"\" width=\"500\" height=\"333\" srcset=\"https:\/\/emasaitabuna.com.br\/new\/wp-content\/uploads\/2025\/12\/EMASA-solicita-da-ARSEPI-reajuste-na-tarifa-de-agua-para-repor-perdas-da-inflacao-e-custos-operacionais-200x133.jpeg 200w, https:\/\/emasaitabuna.com.br\/new\/wp-content\/uploads\/2025\/12\/EMASA-solicita-da-ARSEPI-reajuste-na-tarifa-de-agua-para-repor-perdas-da-inflacao-e-custos-operacionais-300x200.jpeg 300w, https:\/\/emasaitabuna.com.br\/new\/wp-content\/uploads\/2025\/12\/EMASA-solicita-da-ARSEPI-reajuste-na-tarifa-de-agua-para-repor-perdas-da-inflacao-e-custos-operacionais-400x267.jpeg 400w, https:\/\/emasaitabuna.com.br\/new\/wp-content\/uploads\/2025\/12\/EMASA-solicita-da-ARSEPI-reajuste-na-tarifa-de-agua-para-repor-perdas-da-inflacao-e-custos-operacionais-500x333.jpeg 500w, https:\/\/emasaitabuna.com.br\/new\/wp-content\/uploads\/2025\/12\/EMASA-solicita-da-ARSEPI-reajuste-na-tarifa-de-agua-para-repor-perdas-da-inflacao-e-custos-operacionais-600x400.jpeg 600w, https:\/\/emasaitabuna.com.br\/new\/wp-content\/uploads\/2025\/12\/EMASA-solicita-da-ARSEPI-reajuste-na-tarifa-de-agua-para-repor-perdas-da-inflacao-e-custos-operacionais-768x512.jpeg 768w, https:\/\/emasaitabuna.com.br\/new\/wp-content\/uploads\/2025\/12\/EMASA-solicita-da-ARSEPI-reajuste-na-tarifa-de-agua-para-repor-perdas-da-inflacao-e-custos-operacionais-800x533.jpeg 800w, https:\/\/emasaitabuna.com.br\/new\/wp-content\/uploads\/2025\/12\/EMASA-solicita-da-ARSEPI-reajuste-na-tarifa-de-agua-para-repor-perdas-da-inflacao-e-custos-operacionais-1200x800.jpeg 1200w, https:\/\/emasaitabuna.com.br\/new\/wp-content\/uploads\/2025\/12\/EMASA-solicita-da-ARSEPI-reajuste-na-tarifa-de-agua-para-repor-perdas-da-inflacao-e-custos-operacionais-1536x1023.jpeg 1536w, https:\/\/emasaitabuna.com.br\/new\/wp-content\/uploads\/2025\/12\/EMASA-solicita-da-ARSEPI-reajuste-na-tarifa-de-agua-para-repor-perdas-da-inflacao-e-custos-operacionais.jpeg 1600w\" sizes=\"(max-width: 500px) 100vw, 500px\" \/><p id=\"caption-attachment-4172\" class=\"wp-caption-text\">EMASA solicita da ARSEPI reajuste na tarifa de \u00e1gua, para repor perdas da infla\u00e7\u00e3o e custos operacionais.<\/p><\/div>\n<p>A dire\u00e7\u00e3o da Empresa Municipal de \u00c1guas e Saneamento (EMASA) apresentou estudo e planilhas de custos \u00e0 Ag\u00eancia de Regula\u00e7\u00e3o, Controle e Fiscaliza\u00e7\u00e3o dos Servi\u00e7os P\u00fablicos do Munic\u00edpio de Itabuna (ARSEPI) para definir a tarifa de \u00e1gua ap\u00f3s \u00edndice de infla\u00e7\u00e3o e de custos operacionais da empresa.<\/p>\n<p>Foi apresentado \u00e0 ARSEPI um estudo t\u00e9cnico realizado pela Associa\u00e7\u00e3o Nacional dos Servi\u00e7os Municipais de Saneamento (ASSEMAE), sob a responsabilidade do professor Ant\u00f4nio Carlos Azevedo Lob\u00e3o.<\/p>\n<p>\u201cO estudo da ASSEMAE aponta a necessidade de um reajuste que reflita os desafios operacionais, especialmente o expressivo aumento nos custos de insumos e energia el\u00e9trica, que representa uma parcela significativa das despesas da EMASA, sendo de cerca de 20 por cento dos custos operacionais\u201d, explica o presidente da EMASA, Ivan Maia.<\/p>\n<p>Al\u00e9m dos custos operacionais, dados do Instituto Brasileiro de Geografia e Estat\u00edstica (IBGE) apontam que a infla\u00e7\u00e3o acumulada em 2025 pelo \u00cdndice de Pre\u00e7o ao Consumidor Amplo 15 (IPCA-15), chegou a 4,41 por cento.<\/p>\n<p>\u201cA varia\u00e7\u00e3o da bandeira tarif\u00e1ria nas contas de energia el\u00e9trica, o custo de produtos qu\u00edmicos e o aumento de mat\u00e9rias-primas como tubos e outros componentes de PVC, al\u00e9m do cimento e massa asf\u00e1ltica, essenciais para a operacionalidade da EMASA, s\u00e3o considerados na formula\u00e7\u00e3o do pedido de reajuste na tarifa de \u00e1gua\u201d, afirma Maia.<\/p>\n<p>No pedido de revis\u00e3o tarif\u00e1ria feito \u00e0 ARSEPI, a dire\u00e7\u00e3o da EMASA lembra que de 2020 a 2023, n\u00e3o houve reajustes tarif\u00e1rios anuais. Essa defasagem acumulada tem prejudicado a opera\u00e7\u00e3o e manuten\u00e7\u00e3o dos sistemas da empresa concession\u00e1ria de \u00e1gua e esgotos.<\/p>\n<p>&#8212;&#8211;<br \/>\nAssessoria de Comunica\u00e7\u00e3o Social da EMASA<br \/>\n29\/dezembro\/2025.<\/p>\n","protected":false},"excerpt":{"rendered":"<p>A dire\u00e7\u00e3o da Empresa Municipal de \u00c1guas e Saneamento (EMASA) apresentou estudo e planilhas de custos \u00e0 Ag\u00eancia de Regula\u00e7\u00e3o, [&hellip;]<\/p>\n","protected":false},"author":1,"featured_media":4172,"comment_status":"open","ping_status":"open","sticky":false,"template":"","format":"standard","meta":{"nf_dc_page":"","footnotes":""},"categories":[9],"tags":[],"class_list":["post-4171","post","type-post","status-publish","format-standard","has-post-thumbnail","hentry","category-noticias"],"_links":{"self":[{"href":"https:\/\/emasaitabuna.com.br\/new\/wp-json\/wp\/v2\/posts\/4171","targetHints":{"allow":["GET"]}}],"collection":[{"href":"https:\/\/emasaitabuna.com.br\/new\/wp-json\/wp\/v2\/posts"}],"about":[{"href":"https:\/\/emasaitabuna.com.br\/new\/wp-json\/wp\/v2\/types\/post"}],"author":[{"embeddable":true,"href":"https:\/\/emasaitabuna.com.br\/new\/wp-json\/wp\/v2\/users\/1"}],"replies":[{"embeddable":true,"href":"https:\/\/emasaitabuna.com.br\/new\/wp-json\/wp\/v2\/comments?post=4171"}],"version-history":[{"count":1,"href":"https:\/\/emasaitabuna.com.br\/new\/wp-json\/wp\/v2\/posts\/4171\/revisions"}],"predecessor-version":[{"id":4173,"href":"https:\/\/emasaitabuna.com.br\/new\/wp-json\/wp\/v2\/posts\/4171\/revisions\/4173"}],"wp:featuredmedia":[{"embeddable":true,"href":"https:\/\/emasaitabuna.com.br\/new\/wp-json\/wp\/v2\/media\/4172"}],"wp:attachment":[{"href":"https:\/\/emasaitabuna.com.br\/new\/wp-json\/wp\/v2\/media?parent=4171"}],"wp:term":[{"taxonomy":"category","embeddable":true,"href":"https:\/\/emasaitabuna.com.br\/new\/wp-json\/wp\/v2\/categories?post=4171"},{"taxonomy":"post_tag","embeddable":true,"href":"https:\/\/emasaitabuna.com.br\/new\/wp-json\/wp\/v2\/tags?post=4171"}],"curies":[{"name":"wp","href":"https:\/\/api.w.org\/{rel}","templated":true}]}}