{"id":4178,"date":"2025-12-30T12:07:55","date_gmt":"2025-12-30T15:07:55","guid":{"rendered":"https:\/\/emasaitabuna.com.br\/new\/?p=4178"},"modified":"2025-12-30T12:07:55","modified_gmt":"2025-12-30T15:07:55","slug":"requalificacao-da-praca-da-emasa-entra-nos-ajustes-finais-no-bairro-mangabinha","status":"publish","type":"post","link":"https:\/\/emasaitabuna.com.br\/new\/requalificacao-da-praca-da-emasa-entra-nos-ajustes-finais-no-bairro-mangabinha\/","title":{"rendered":"Requalifica\u00e7\u00e3o da Pra\u00e7a da EMASA entra nos ajustes finais no bairro Mangabinha"},"content":{"rendered":"<p>A requalifica\u00e7\u00e3o da Pra\u00e7a da EMASA, localizada no bairro Mangabinha, em Itabuna, entrou na fase de ajustes finais e<\/p>\n<div id=\"attachment_4179\" style=\"width: 510px\" class=\"wp-caption alignright\"><img decoding=\"async\" aria-describedby=\"caption-attachment-4179\" class=\"size-medium wp-image-4179\" src=\"https:\/\/emasaitabuna.com.br\/new\/wp-content\/uploads\/2025\/12\/No-local-ja-foram-implantados-parque-infantil-bancos-para-uso-da-populacao-equipamentos-para-a-pratica-de-ginastica-alem-de-area-verde-e-passeio-em-concreto-500x333.jpeg\" alt=\"\" width=\"500\" height=\"333\" srcset=\"https:\/\/emasaitabuna.com.br\/new\/wp-content\/uploads\/2025\/12\/No-local-ja-foram-implantados-parque-infantil-bancos-para-uso-da-populacao-equipamentos-para-a-pratica-de-ginastica-alem-de-area-verde-e-passeio-em-concreto-200x133.jpeg 200w, https:\/\/emasaitabuna.com.br\/new\/wp-content\/uploads\/2025\/12\/No-local-ja-foram-implantados-parque-infantil-bancos-para-uso-da-populacao-equipamentos-para-a-pratica-de-ginastica-alem-de-area-verde-e-passeio-em-concreto-300x200.jpeg 300w, https:\/\/emasaitabuna.com.br\/new\/wp-content\/uploads\/2025\/12\/No-local-ja-foram-implantados-parque-infantil-bancos-para-uso-da-populacao-equipamentos-para-a-pratica-de-ginastica-alem-de-area-verde-e-passeio-em-concreto-400x267.jpeg 400w, https:\/\/emasaitabuna.com.br\/new\/wp-content\/uploads\/2025\/12\/No-local-ja-foram-implantados-parque-infantil-bancos-para-uso-da-populacao-equipamentos-para-a-pratica-de-ginastica-alem-de-area-verde-e-passeio-em-concreto-500x333.jpeg 500w, https:\/\/emasaitabuna.com.br\/new\/wp-content\/uploads\/2025\/12\/No-local-ja-foram-implantados-parque-infantil-bancos-para-uso-da-populacao-equipamentos-para-a-pratica-de-ginastica-alem-de-area-verde-e-passeio-em-concreto-600x400.jpeg 600w, https:\/\/emasaitabuna.com.br\/new\/wp-content\/uploads\/2025\/12\/No-local-ja-foram-implantados-parque-infantil-bancos-para-uso-da-populacao-equipamentos-para-a-pratica-de-ginastica-alem-de-area-verde-e-passeio-em-concreto-768x512.jpeg 768w, https:\/\/emasaitabuna.com.br\/new\/wp-content\/uploads\/2025\/12\/No-local-ja-foram-implantados-parque-infantil-bancos-para-uso-da-populacao-equipamentos-para-a-pratica-de-ginastica-alem-de-area-verde-e-passeio-em-concreto-800x533.jpeg 800w, https:\/\/emasaitabuna.com.br\/new\/wp-content\/uploads\/2025\/12\/No-local-ja-foram-implantados-parque-infantil-bancos-para-uso-da-populacao-equipamentos-para-a-pratica-de-ginastica-alem-de-area-verde-e-passeio-em-concreto-1200x800.jpeg 1200w, https:\/\/emasaitabuna.com.br\/new\/wp-content\/uploads\/2025\/12\/No-local-ja-foram-implantados-parque-infantil-bancos-para-uso-da-populacao-equipamentos-para-a-pratica-de-ginastica-alem-de-area-verde-e-passeio-em-concreto-1536x1023.jpeg 1536w, https:\/\/emasaitabuna.com.br\/new\/wp-content\/uploads\/2025\/12\/No-local-ja-foram-implantados-parque-infantil-bancos-para-uso-da-populacao-equipamentos-para-a-pratica-de-ginastica-alem-de-area-verde-e-passeio-em-concreto.jpeg 1600w\" sizes=\"(max-width: 500px) 100vw, 500px\" \/><p id=\"caption-attachment-4179\" class=\"wp-caption-text\">No local j\u00e1 foram implantados parque infantil, bancos para uso da popula\u00e7\u00e3o, equipamentos para a pr\u00e1tica de gin\u00e1stica, al\u00e9m de \u00e1rea verde e passeio em concreto.<\/p><\/div>\n<p>est\u00e1 pr\u00f3xima de ser conclu\u00edda. A atualiza\u00e7\u00e3o do andamento das obras foi acompanhada, nesta segunda-feira (29), pelo presidente da EMASA, Ivan Maia, que esteve no local verificando os \u00faltimos servi\u00e7os executados. A interven\u00e7\u00e3o tem como objetivo transformar o espa\u00e7o em uma \u00e1rea de lazer, conviv\u00eancia e bem-estar para a popula\u00e7\u00e3o, aliando requalifica\u00e7\u00e3o urbana \u00e0 melhoria da infraestrutura existente.<\/p>\n<p>A pra\u00e7a abriga a Esta\u00e7\u00e3o Elevat\u00f3ria de Esgoto (EEE II) e est\u00e1 sendo requalificada por meio de uma contrapartida do Empreendimento Vog Grapi\u00fana, das empresas E2 Engenharia e Souza Gomes &amp; Gr\u00e1fico Empreendimentos. Os trabalhos avan\u00e7aram nas \u00faltimas semanas e agora concentram-se nos acabamentos finais.<\/p>\n<p>No local j\u00e1 foram implantados parque infantil, bancos para uso da popula\u00e7\u00e3o, equipamentos para a pr\u00e1tica de gin\u00e1stica, al\u00e9m de \u00e1rea verde e passeio em concreto, garantindo acessibilidade e conforto aos frequentadores. A Esta\u00e7\u00e3o Elevat\u00f3ria (EEE II) tamb\u00e9m passou por melhorias estruturais, integrando o saneamento ao novo espa\u00e7o urbano.<\/p>\n<p>Durante a visita t\u00e9cnica, o presidente da EMASA, Ivan Maia, destacou a import\u00e2ncia da obra para a comunidade do Mangabinha: \u201cEstamos acompanhando de perto a fase final dessa requalifica\u00e7\u00e3o, que vai entregar \u00e0 popula\u00e7\u00e3o um espa\u00e7o moderno, seguro e acolhedor. A Pra\u00e7a da EMASA ser\u00e1 um ambiente de conviv\u00eancia para as fam\u00edlias, de lazer para as crian\u00e7as e de promo\u00e7\u00e3o da sa\u00fade para adultos e idosos, al\u00e9m de valorizar o entorno e a infraestrutura do bairro\u201d, afirmou.<\/p>\n<p>A denomina\u00e7\u00e3o Pra\u00e7a da EMASA foi uma iniciativa do vereador Bruno Bileco (PSB), fortalecendo a identidade do espa\u00e7o p\u00fablico. Com a conclus\u00e3o dos \u00faltimos ajustes, a nova Pra\u00e7a da EMASA passa a se consolidar como mais um importante ponto de lazer e conviv\u00eancia em Itabuna, contribuindo para a qualidade de vida, a valoriza\u00e7\u00e3o urbana e o uso coletivo dos espa\u00e7os p\u00fablicos.<\/p>\n<p>Assessoria de Comunica\u00e7\u00e3o Social da EMASA.<br \/>\n30\/dezembro\/2025.<\/p>\n","protected":false},"excerpt":{"rendered":"<p>A requalifica\u00e7\u00e3o da Pra\u00e7a da EMASA, localizada no bairro Mangabinha, em Itabuna, entrou na fase de ajustes finais e est\u00e1 [&hellip;]<\/p>\n","protected":false},"author":1,"featured_media":4180,"comment_status":"open","ping_status":"open","sticky":false,"template":"","format":"standard","meta":{"nf_dc_page":"","footnotes":""},"categories":[9],"tags":[],"class_list":["post-4178","post","type-post","status-publish","format-standard","has-post-thumbnail","hentry","category-noticias"],"_links":{"self":[{"href":"https:\/\/emasaitabuna.com.br\/new\/wp-json\/wp\/v2\/posts\/4178","targetHints":{"allow":["GET"]}}],"collection":[{"href":"https:\/\/emasaitabuna.com.br\/new\/wp-json\/wp\/v2\/posts"}],"about":[{"href":"https:\/\/emasaitabuna.com.br\/new\/wp-json\/wp\/v2\/types\/post"}],"author":[{"embeddable":true,"href":"https:\/\/emasaitabuna.com.br\/new\/wp-json\/wp\/v2\/users\/1"}],"replies":[{"embeddable":true,"href":"https:\/\/emasaitabuna.com.br\/new\/wp-json\/wp\/v2\/comments?post=4178"}],"version-history":[{"count":1,"href":"https:\/\/emasaitabuna.com.br\/new\/wp-json\/wp\/v2\/posts\/4178\/revisions"}],"predecessor-version":[{"id":4181,"href":"https:\/\/emasaitabuna.com.br\/new\/wp-json\/wp\/v2\/posts\/4178\/revisions\/4181"}],"wp:featuredmedia":[{"embeddable":true,"href":"https:\/\/emasaitabuna.com.br\/new\/wp-json\/wp\/v2\/media\/4180"}],"wp:attachment":[{"href":"https:\/\/emasaitabuna.com.br\/new\/wp-json\/wp\/v2\/media?parent=4178"}],"wp:term":[{"taxonomy":"category","embeddable":true,"href":"https:\/\/emasaitabuna.com.br\/new\/wp-json\/wp\/v2\/categories?post=4178"},{"taxonomy":"post_tag","embeddable":true,"href":"https:\/\/emasaitabuna.com.br\/new\/wp-json\/wp\/v2\/tags?post=4178"}],"curies":[{"name":"wp","href":"https:\/\/api.w.org\/{rel}","templated":true}]}}