{"id":4187,"date":"2026-01-07T16:59:36","date_gmt":"2026-01-07T19:59:36","guid":{"rendered":"https:\/\/emasaitabuna.com.br\/new\/?p=4187"},"modified":"2026-01-07T16:59:36","modified_gmt":"2026-01-07T19:59:36","slug":"obras-de-requalificacao-da-praca-da-emasa-no-mangabinha-sao-concluidas","status":"publish","type":"post","link":"https:\/\/emasaitabuna.com.br\/new\/obras-de-requalificacao-da-praca-da-emasa-no-mangabinha-sao-concluidas\/","title":{"rendered":"Obras de requalifica\u00e7\u00e3o da Pra\u00e7a da EMASA no Mangabinha s\u00e3o conclu\u00eddas"},"content":{"rendered":"<div id=\"attachment_4189\" style=\"width: 510px\" class=\"wp-caption aligncenter\"><img decoding=\"async\" aria-describedby=\"caption-attachment-4189\" class=\"size-medium wp-image-4189\" src=\"https:\/\/emasaitabuna.com.br\/new\/wp-content\/uploads\/2026\/01\/IMG-20260107-WA0005-500x281.jpg\" alt=\"\" width=\"500\" height=\"281\" srcset=\"https:\/\/emasaitabuna.com.br\/new\/wp-content\/uploads\/2026\/01\/IMG-20260107-WA0005-200x113.jpg 200w, https:\/\/emasaitabuna.com.br\/new\/wp-content\/uploads\/2026\/01\/IMG-20260107-WA0005-300x169.jpg 300w, https:\/\/emasaitabuna.com.br\/new\/wp-content\/uploads\/2026\/01\/IMG-20260107-WA0005-400x225.jpg 400w, https:\/\/emasaitabuna.com.br\/new\/wp-content\/uploads\/2026\/01\/IMG-20260107-WA0005-500x281.jpg 500w, https:\/\/emasaitabuna.com.br\/new\/wp-content\/uploads\/2026\/01\/IMG-20260107-WA0005-600x338.jpg 600w, https:\/\/emasaitabuna.com.br\/new\/wp-content\/uploads\/2026\/01\/IMG-20260107-WA0005-768x432.jpg 768w, https:\/\/emasaitabuna.com.br\/new\/wp-content\/uploads\/2026\/01\/IMG-20260107-WA0005-800x450.jpg 800w, https:\/\/emasaitabuna.com.br\/new\/wp-content\/uploads\/2026\/01\/IMG-20260107-WA0005-1200x675.jpg 1200w, https:\/\/emasaitabuna.com.br\/new\/wp-content\/uploads\/2026\/01\/IMG-20260107-WA0005-1536x864.jpg 1536w, https:\/\/emasaitabuna.com.br\/new\/wp-content\/uploads\/2026\/01\/IMG-20260107-WA0005.jpg 1600w\" sizes=\"(max-width: 500px) 100vw, 500px\" \/><p id=\"caption-attachment-4189\" class=\"wp-caption-text\">Pra\u00e7a da EMASA, no Mangabinha, com obras de requalifica\u00e7\u00e3o conclu\u00eddas, integrando a\u00e7\u00f5es de valoriza\u00e7\u00e3o urbana e amplia\u00e7\u00e3o dos espa\u00e7os p\u00fablicos de lazer e conviv\u00eancia em Itabuna.<\/p><\/div>\n<p>As obras de requalifica\u00e7\u00e3o da Pra\u00e7a da EMASA, localizada no bairro Mangabinha, em Itabuna, foram conclu\u00eddas e o espa\u00e7o agora aguarda apenas a defini\u00e7\u00e3o da data de inaugura\u00e7\u00e3o para ser oficialmente entregue \u00e0 popula\u00e7\u00e3o. A interven\u00e7\u00e3o integra as a\u00e7\u00f5es da Prefeitura de Itabuna, sob a gest\u00e3o do prefeito Augusto Castro (PSD), voltadas \u00e0 requalifica\u00e7\u00e3o urbana, valoriza\u00e7\u00e3o dos bairros e amplia\u00e7\u00e3o dos espa\u00e7os p\u00fablicos de lazer e conviv\u00eancia no munic\u00edpio.<\/p>\n<p>A pra\u00e7a abriga a Esta\u00e7\u00e3o Elevat\u00f3ria de Esgoto (EEE II) e foi requalificada por meio de uma contrapartida do Empreendimento Vog Grapi\u00fana, das empresas E2 Engenharia e Souza Gomes &amp; Gr\u00e1fico Empreendimentos, como parte das a\u00e7\u00f5es de valoriza\u00e7\u00e3o urbana no entorno do empreendimento imobili\u00e1rio, em alinhamento com o planejamento urbano da administra\u00e7\u00e3o municipal.<\/p>\n<p>Com os servi\u00e7os finalizados, o espa\u00e7o conta agora com parque infantil, bancos para uso da popula\u00e7\u00e3o, equipamentos para a pr\u00e1tica de gin\u00e1stica, \u00e1rea verde, al\u00e9m de passeio em concreto, garantindo acessibilidade, conforto e seguran\u00e7a aos frequentadores. A Esta\u00e7\u00e3o Elevat\u00f3ria (EEE II) tamb\u00e9m passou por melhorias estruturais, assegurando a integra\u00e7\u00e3o do sistema de saneamento ao novo ambiente urbano.<\/p>\n<p>O presidente da EMASA, Ivan Maia, destacou a import\u00e2ncia da conclus\u00e3o da obra para a comunidade e ressaltou o impacto positivo do novo equipamento p\u00fablico dentro do conjunto de investimentos realizados pela gest\u00e3o municipal. \u201cConclu\u00edmos a requalifica\u00e7\u00e3o da Pra\u00e7a da EMASA com muito cuidado e responsabilidade, em sintonia com as diretrizes do prefeito Augusto Castro para a valoriza\u00e7\u00e3o dos espa\u00e7os p\u00fablicos. \u00c9 um espa\u00e7o pensado para crian\u00e7as, adultos e idosos, promovendo lazer, conviv\u00eancia e qualidade de vida\u201d, afirmou.<\/p>\n<p>A denomina\u00e7\u00e3o Pra\u00e7a da EMASA foi uma iniciativa do vereador Bruno Bileco (PSB), fortalecendo a identidade do espa\u00e7o p\u00fablico e sua rela\u00e7\u00e3o com a hist\u00f3ria e a atua\u00e7\u00e3o da empresa no munic\u00edpio. Com a obra conclu\u00edda, a pra\u00e7a passa a integrar o conjunto de a\u00e7\u00f5es da Prefeitura de Itabuna voltadas \u00e0 valoriza\u00e7\u00e3o urbana e \u00e0 melhoria da qualidade de vida da popula\u00e7\u00e3o.<\/p>\n<p><img decoding=\"async\" class=\"aligncenter size-medium wp-image-4190\" src=\"https:\/\/emasaitabuna.com.br\/new\/wp-content\/uploads\/2026\/01\/IMG-20260107-WA0006-500x281.jpg\" alt=\"\" width=\"500\" height=\"281\" srcset=\"https:\/\/emasaitabuna.com.br\/new\/wp-content\/uploads\/2026\/01\/IMG-20260107-WA0006-200x113.jpg 200w, https:\/\/emasaitabuna.com.br\/new\/wp-content\/uploads\/2026\/01\/IMG-20260107-WA0006-300x169.jpg 300w, https:\/\/emasaitabuna.com.br\/new\/wp-content\/uploads\/2026\/01\/IMG-20260107-WA0006-400x225.jpg 400w, https:\/\/emasaitabuna.com.br\/new\/wp-content\/uploads\/2026\/01\/IMG-20260107-WA0006-500x281.jpg 500w, https:\/\/emasaitabuna.com.br\/new\/wp-content\/uploads\/2026\/01\/IMG-20260107-WA0006-600x338.jpg 600w, https:\/\/emasaitabuna.com.br\/new\/wp-content\/uploads\/2026\/01\/IMG-20260107-WA0006-768x432.jpg 768w, https:\/\/emasaitabuna.com.br\/new\/wp-content\/uploads\/2026\/01\/IMG-20260107-WA0006-800x450.jpg 800w, https:\/\/emasaitabuna.com.br\/new\/wp-content\/uploads\/2026\/01\/IMG-20260107-WA0006-1200x675.jpg 1200w, https:\/\/emasaitabuna.com.br\/new\/wp-content\/uploads\/2026\/01\/IMG-20260107-WA0006-1536x864.jpg 1536w, https:\/\/emasaitabuna.com.br\/new\/wp-content\/uploads\/2026\/01\/IMG-20260107-WA0006.jpg 1600w\" sizes=\"(max-width: 500px) 100vw, 500px\" \/><\/p>\n<p>\u2014\u2014\u2014-<\/p>\n<p>Assessoria de Comunica\u00e7\u00e3o Social da EMASA.<\/p>\n<p>07\/Janeiro\/2026.<\/p>\n","protected":false},"excerpt":{"rendered":"<p>As obras de requalifica\u00e7\u00e3o da Pra\u00e7a da EMASA, localizada no bairro Mangabinha, em Itabuna, foram conclu\u00eddas e o espa\u00e7o agora [&hellip;]<\/p>\n","protected":false},"author":1,"featured_media":4189,"comment_status":"open","ping_status":"open","sticky":false,"template":"","format":"standard","meta":{"nf_dc_page":"","footnotes":""},"categories":[9],"tags":[],"class_list":["post-4187","post","type-post","status-publish","format-standard","has-post-thumbnail","hentry","category-noticias"],"_links":{"self":[{"href":"https:\/\/emasaitabuna.com.br\/new\/wp-json\/wp\/v2\/posts\/4187","targetHints":{"allow":["GET"]}}],"collection":[{"href":"https:\/\/emasaitabuna.com.br\/new\/wp-json\/wp\/v2\/posts"}],"about":[{"href":"https:\/\/emasaitabuna.com.br\/new\/wp-json\/wp\/v2\/types\/post"}],"author":[{"embeddable":true,"href":"https:\/\/emasaitabuna.com.br\/new\/wp-json\/wp\/v2\/users\/1"}],"replies":[{"embeddable":true,"href":"https:\/\/emasaitabuna.com.br\/new\/wp-json\/wp\/v2\/comments?post=4187"}],"version-history":[{"count":2,"href":"https:\/\/emasaitabuna.com.br\/new\/wp-json\/wp\/v2\/posts\/4187\/revisions"}],"predecessor-version":[{"id":4191,"href":"https:\/\/emasaitabuna.com.br\/new\/wp-json\/wp\/v2\/posts\/4187\/revisions\/4191"}],"wp:featuredmedia":[{"embeddable":true,"href":"https:\/\/emasaitabuna.com.br\/new\/wp-json\/wp\/v2\/media\/4189"}],"wp:attachment":[{"href":"https:\/\/emasaitabuna.com.br\/new\/wp-json\/wp\/v2\/media?parent=4187"}],"wp:term":[{"taxonomy":"category","embeddable":true,"href":"https:\/\/emasaitabuna.com.br\/new\/wp-json\/wp\/v2\/categories?post=4187"},{"taxonomy":"post_tag","embeddable":true,"href":"https:\/\/emasaitabuna.com.br\/new\/wp-json\/wp\/v2\/tags?post=4187"}],"curies":[{"name":"wp","href":"https:\/\/api.w.org\/{rel}","templated":true}]}}