{"id":4197,"date":"2026-01-16T12:36:46","date_gmt":"2026-01-16T15:36:46","guid":{"rendered":"https:\/\/emasaitabuna.com.br\/new\/?p=4197"},"modified":"2026-01-16T12:38:06","modified_gmt":"2026-01-16T15:38:06","slug":"falha-em-equipamento-provoca-interrupcao-temporaria-no-abastecimento-de-agua-em-bairros-da-zona-central-de-itabuna","status":"publish","type":"post","link":"https:\/\/emasaitabuna.com.br\/new\/falha-em-equipamento-provoca-interrupcao-temporaria-no-abastecimento-de-agua-em-bairros-da-zona-central-de-itabuna\/","title":{"rendered":"Falha em equipamento provoca interrup\u00e7\u00e3o tempor\u00e1ria no abastecimento de \u00e1gua em bairros da zona central de Itabuna"},"content":{"rendered":"<div id=\"attachment_4199\" style=\"width: 510px\" class=\"wp-caption aligncenter\"><img decoding=\"async\" aria-describedby=\"caption-attachment-4199\" class=\"size-medium wp-image-4199\" src=\"https:\/\/emasaitabuna.com.br\/new\/wp-content\/uploads\/2026\/01\/IMG-20260116-WA0004-500x281.jpg\" alt=\"\" width=\"500\" height=\"281\" srcset=\"https:\/\/emasaitabuna.com.br\/new\/wp-content\/uploads\/2026\/01\/IMG-20260116-WA0004-200x112.jpg 200w, https:\/\/emasaitabuna.com.br\/new\/wp-content\/uploads\/2026\/01\/IMG-20260116-WA0004-300x169.jpg 300w, https:\/\/emasaitabuna.com.br\/new\/wp-content\/uploads\/2026\/01\/IMG-20260116-WA0004-400x225.jpg 400w, https:\/\/emasaitabuna.com.br\/new\/wp-content\/uploads\/2026\/01\/IMG-20260116-WA0004-500x281.jpg 500w, https:\/\/emasaitabuna.com.br\/new\/wp-content\/uploads\/2026\/01\/IMG-20260116-WA0004-600x337.jpg 600w, https:\/\/emasaitabuna.com.br\/new\/wp-content\/uploads\/2026\/01\/IMG-20260116-WA0004-768x432.jpg 768w, https:\/\/emasaitabuna.com.br\/new\/wp-content\/uploads\/2026\/01\/IMG-20260116-WA0004-800x450.jpg 800w, https:\/\/emasaitabuna.com.br\/new\/wp-content\/uploads\/2026\/01\/IMG-20260116-WA0004-1200x675.jpg 1200w, https:\/\/emasaitabuna.com.br\/new\/wp-content\/uploads\/2026\/01\/IMG-20260116-WA0004-1536x864.jpg 1536w, https:\/\/emasaitabuna.com.br\/new\/wp-content\/uploads\/2026\/01\/IMG-20260116-WA0004.jpg 1599w\" sizes=\"(max-width: 500px) 100vw, 500px\" \/><p id=\"caption-attachment-4199\" class=\"wp-caption-text\">Equipes da EMASA realizam manuten\u00e7\u00e3o emergencial na rede de abastecimento. O servi\u00e7o provoca interrup\u00e7\u00e3o tempor\u00e1ria no fornecimento de \u00e1gua em bairros da zona central.<\/p><\/div>\n<p>A Empresa Municipal de \u00c1guas e Saneamento (EMASA) informa que ser\u00e1 necess\u00e1rio interromper temporariamente o abastecimento de \u00e1gua, nesta sexta-feira (16), em raz\u00e3o de uma manuten\u00e7\u00e3o emergencial no sistema de bombeamento do bairro G\u00f3es Calmon, ap\u00f3s a identifica\u00e7\u00e3o de falha em um registro da rede que comprometeu o funcionamento do equipamento. A parada afeta o Centro da cidade, o bairro Mangabinha e parte do Santo Ant\u00f4nio.<\/p>\n<p>As equipes t\u00e9cnicas j\u00e1 est\u00e3o mobilizadas para realizar a manuten\u00e7\u00e3o no menor tempo poss\u00edvel. A previs\u00e3o \u00e9 de que, se n\u00e3o houver intercorr\u00eancias, o abastecimento seja restabelecido gradualmente ap\u00f3s a conclus\u00e3o dos servi\u00e7os.<\/p>\n<p>A EMASA orienta os moradores das \u00e1reas afetadas a utilizarem a \u00e1gua de forma consciente, evitando desperd\u00edcios e priorizando atividades essenciais at\u00e9 a normaliza\u00e7\u00e3o completa do fornecimento. A empresa agradece a compreens\u00e3o da popula\u00e7\u00e3o e refor\u00e7a que a interven\u00e7\u00e3o \u00e9 necess\u00e1ria para assegurar a continuidade e a qualidade do servi\u00e7o.<\/p>\n<p>Em caso de necessidade, a popula\u00e7\u00e3o pode entrar em contato com a equipe da EMASA pelos canais oficiais de atendimento: WhatsApp (73) 9912-0044; telefone 0800 073 1195, de segunda a sexta-feira, das 7h \u00e0s 19h, e aos s\u00e1bados, domingos e feriados, das 7h \u00e0s 13h; al\u00e9m do site www.emasa.ba.gov.br. O atendimento presencial \u00e9 realizado na Rua Adolfo Maron, n\u00ba 18, Centro, de segunda a sexta-feira, das 8h \u00e0s 16h30.<\/p>\n<p>\u2014&#8212;<\/p>\n<p>Assessoria de Comunica\u00e7\u00e3o Social da EMASA.<\/p>\n<p>16\/janeiro\/2026.<\/p>\n","protected":false},"excerpt":{"rendered":"<p>A Empresa Municipal de \u00c1guas e Saneamento (EMASA) informa que ser\u00e1 necess\u00e1rio interromper temporariamente o abastecimento de \u00e1gua, nesta sexta-feira [&hellip;]<\/p>\n","protected":false},"author":1,"featured_media":4199,"comment_status":"open","ping_status":"open","sticky":false,"template":"","format":"standard","meta":{"nf_dc_page":"","footnotes":""},"categories":[9],"tags":[],"class_list":["post-4197","post","type-post","status-publish","format-standard","has-post-thumbnail","hentry","category-noticias"],"_links":{"self":[{"href":"https:\/\/emasaitabuna.com.br\/new\/wp-json\/wp\/v2\/posts\/4197","targetHints":{"allow":["GET"]}}],"collection":[{"href":"https:\/\/emasaitabuna.com.br\/new\/wp-json\/wp\/v2\/posts"}],"about":[{"href":"https:\/\/emasaitabuna.com.br\/new\/wp-json\/wp\/v2\/types\/post"}],"author":[{"embeddable":true,"href":"https:\/\/emasaitabuna.com.br\/new\/wp-json\/wp\/v2\/users\/1"}],"replies":[{"embeddable":true,"href":"https:\/\/emasaitabuna.com.br\/new\/wp-json\/wp\/v2\/comments?post=4197"}],"version-history":[{"count":2,"href":"https:\/\/emasaitabuna.com.br\/new\/wp-json\/wp\/v2\/posts\/4197\/revisions"}],"predecessor-version":[{"id":4200,"href":"https:\/\/emasaitabuna.com.br\/new\/wp-json\/wp\/v2\/posts\/4197\/revisions\/4200"}],"wp:featuredmedia":[{"embeddable":true,"href":"https:\/\/emasaitabuna.com.br\/new\/wp-json\/wp\/v2\/media\/4199"}],"wp:attachment":[{"href":"https:\/\/emasaitabuna.com.br\/new\/wp-json\/wp\/v2\/media?parent=4197"}],"wp:term":[{"taxonomy":"category","embeddable":true,"href":"https:\/\/emasaitabuna.com.br\/new\/wp-json\/wp\/v2\/categories?post=4197"},{"taxonomy":"post_tag","embeddable":true,"href":"https:\/\/emasaitabuna.com.br\/new\/wp-json\/wp\/v2\/tags?post=4197"}],"curies":[{"name":"wp","href":"https:\/\/api.w.org\/{rel}","templated":true}]}}