{"id":4201,"date":"2026-01-16T21:59:10","date_gmt":"2026-01-17T00:59:10","guid":{"rendered":"https:\/\/emasaitabuna.com.br\/new\/?p=4201"},"modified":"2026-01-16T22:00:26","modified_gmt":"2026-01-17T01:00:26","slug":"emasa-garante-ilhas-de-hidratacao-para-folioes-na-lavagem-do-beco-do-fuxico-e-no-carnaval-antecipado-de-itabuna","status":"publish","type":"post","link":"https:\/\/emasaitabuna.com.br\/new\/emasa-garante-ilhas-de-hidratacao-para-folioes-na-lavagem-do-beco-do-fuxico-e-no-carnaval-antecipado-de-itabuna\/","title":{"rendered":"EMASA garante ilhas de hidrata\u00e7\u00e3o para foli\u00f5es na Lavagem do Beco do Fuxico e no Carnaval Antecipado de Itabuna"},"content":{"rendered":"<div id=\"attachment_4203\" style=\"width: 510px\" class=\"wp-caption aligncenter\"><img decoding=\"async\" aria-describedby=\"caption-attachment-4203\" class=\"size-medium wp-image-4203\" src=\"https:\/\/emasaitabuna.com.br\/new\/wp-content\/uploads\/2026\/01\/IMG-20260116-WA0006-500x375.jpg\" alt=\"\" width=\"500\" height=\"375\" srcset=\"https:\/\/emasaitabuna.com.br\/new\/wp-content\/uploads\/2026\/01\/IMG-20260116-WA0006-200x150.jpg 200w, https:\/\/emasaitabuna.com.br\/new\/wp-content\/uploads\/2026\/01\/IMG-20260116-WA0006-300x225.jpg 300w, https:\/\/emasaitabuna.com.br\/new\/wp-content\/uploads\/2026\/01\/IMG-20260116-WA0006-400x300.jpg 400w, https:\/\/emasaitabuna.com.br\/new\/wp-content\/uploads\/2026\/01\/IMG-20260116-WA0006-500x375.jpg 500w, https:\/\/emasaitabuna.com.br\/new\/wp-content\/uploads\/2026\/01\/IMG-20260116-WA0006-600x450.jpg 600w, https:\/\/emasaitabuna.com.br\/new\/wp-content\/uploads\/2026\/01\/IMG-20260116-WA0006-768x576.jpg 768w, https:\/\/emasaitabuna.com.br\/new\/wp-content\/uploads\/2026\/01\/IMG-20260116-WA0006-800x600.jpg 800w, https:\/\/emasaitabuna.com.br\/new\/wp-content\/uploads\/2026\/01\/IMG-20260116-WA0006-1200x900.jpg 1200w, https:\/\/emasaitabuna.com.br\/new\/wp-content\/uploads\/2026\/01\/IMG-20260116-WA0006-1536x1152.jpg 1536w, https:\/\/emasaitabuna.com.br\/new\/wp-content\/uploads\/2026\/01\/IMG-20260116-WA0006.jpg 1600w\" sizes=\"(max-width: 500px) 100vw, 500px\" \/><p id=\"caption-attachment-4203\" class=\"wp-caption-text\">EMASA instalou pontos de hidrata\u00e7\u00e3o para foli\u00f5es em Itabuna<\/p><\/div>\n<p>A Empresa Municipal de \u00c1guas e Saneamento (EMASA) vai instalar ilhas de hidrata\u00e7\u00e3o com \u00e1gua pot\u00e1vel nos principais circuitos da Lavagem do Beco do Fuxico, neste s\u00e1bado (17), e do Carnaval Antecipado de Itabuna, que acontece de 22 a 25 de janeiro, com o objetivo de assegurar o acesso gratuito \u00e0 \u00e1gua tratada, promover a hidrata\u00e7\u00e3o dos foli\u00f5es e contribuir para a preven\u00e7\u00e3o de problemas de sa\u00fade causados pelo calor e pela aglomera\u00e7\u00e3o de pessoas.<\/p>\n<p>A a\u00e7\u00e3o integra o planejamento de apoio da EMASA aos grandes eventos populares do munic\u00edpio e refor\u00e7a o compromisso da empresa com a sa\u00fade p\u00fablica, o bem-estar da popula\u00e7\u00e3o e o uso respons\u00e1vel da \u00e1gua. Durante os dias de festa, os pontos de hidrata\u00e7\u00e3o estar\u00e3o estrategicamente distribu\u00eddos ao longo dos circuitos, facilitando o acesso dos foli\u00f5es, trabalhadores e equipes de apoio.<\/p>\n<p>Os pontos definidos para instala\u00e7\u00e3o das ilhas de hidrata\u00e7\u00e3o s\u00e3o: em frente \u00e0 Drogasil; em frente ao Shopping Jequitib\u00e1; na Pra\u00e7a do Cacau; no Camarote PCD, Camarote da C\u00e2mara de Vereadores e da Prefeitura; e no estacionamento da C\u00e2mara de Vereadores.<\/p>\n<p>Para o presidente da EMASA, a iniciativa refor\u00e7a o papel social da empresa durante eventos de grande porte. \u201cA \u00e1gua \u00e9 um bem essencial, especialmente em momentos de calor intenso e grandes aglomera\u00e7\u00f5es. As ilhas de hidrata\u00e7\u00e3o garantem que o foli\u00e3o possa se cuidar, se hidratar e aproveitar a festa com mais seguran\u00e7a. A EMASA, por orienta\u00e7\u00e3o do prefeito Augusto Castro, cumpre seu papel de estar presente, oferecendo \u00e1gua de qualidade e contribuindo para a sa\u00fade coletiva\u201d, destacou Ivan Maia.<\/p>\n<p>Al\u00e9m de promover a hidrata\u00e7\u00e3o, a a\u00e7\u00e3o tamb\u00e9m estimula pr\u00e1ticas conscientes, como o uso respons\u00e1vel da \u00e1gua e a redu\u00e7\u00e3o de riscos \u00e0 sa\u00fade durante os festejos. Com a iniciativa, a EMASA refor\u00e7a sua atua\u00e7\u00e3o integrada com o poder p\u00fablico e demais \u00f3rg\u00e3os envolvidos na organiza\u00e7\u00e3o da Lavagem do Beco do Fuxico e do Carnaval Antecipado, assegurando estrutura, preven\u00e7\u00e3o e cuidado com a popula\u00e7\u00e3o de Itabuna.<\/p>\n<p>\u2014\u2014<\/p>\n<p>Assessoria de Comunica\u00e7\u00e3o Social da EMASA<\/p>\n<p>16\/janeiro\/2026.<\/p>\n<p><img decoding=\"async\" class=\"aligncenter size-medium wp-image-4205\" src=\"https:\/\/emasaitabuna.com.br\/new\/wp-content\/uploads\/2026\/01\/IMG-20260116-WA0007-500x375.jpg\" alt=\"\" width=\"500\" height=\"375\" srcset=\"https:\/\/emasaitabuna.com.br\/new\/wp-content\/uploads\/2026\/01\/IMG-20260116-WA0007-200x150.jpg 200w, https:\/\/emasaitabuna.com.br\/new\/wp-content\/uploads\/2026\/01\/IMG-20260116-WA0007-300x225.jpg 300w, https:\/\/emasaitabuna.com.br\/new\/wp-content\/uploads\/2026\/01\/IMG-20260116-WA0007-400x300.jpg 400w, https:\/\/emasaitabuna.com.br\/new\/wp-content\/uploads\/2026\/01\/IMG-20260116-WA0007-500x375.jpg 500w, https:\/\/emasaitabuna.com.br\/new\/wp-content\/uploads\/2026\/01\/IMG-20260116-WA0007-600x450.jpg 600w, https:\/\/emasaitabuna.com.br\/new\/wp-content\/uploads\/2026\/01\/IMG-20260116-WA0007-768x576.jpg 768w, https:\/\/emasaitabuna.com.br\/new\/wp-content\/uploads\/2026\/01\/IMG-20260116-WA0007-800x600.jpg 800w, https:\/\/emasaitabuna.com.br\/new\/wp-content\/uploads\/2026\/01\/IMG-20260116-WA0007-1200x900.jpg 1200w, https:\/\/emasaitabuna.com.br\/new\/wp-content\/uploads\/2026\/01\/IMG-20260116-WA0007-1536x1152.jpg 1536w, https:\/\/emasaitabuna.com.br\/new\/wp-content\/uploads\/2026\/01\/IMG-20260116-WA0007.jpg 1600w\" sizes=\"(max-width: 500px) 100vw, 500px\" \/><\/p>\n","protected":false},"excerpt":{"rendered":"<p>A Empresa Municipal de \u00c1guas e Saneamento (EMASA) vai instalar ilhas de hidrata\u00e7\u00e3o com \u00e1gua pot\u00e1vel nos principais circuitos da [&hellip;]<\/p>\n","protected":false},"author":1,"featured_media":4203,"comment_status":"open","ping_status":"open","sticky":false,"template":"","format":"standard","meta":{"nf_dc_page":"","footnotes":""},"categories":[9],"tags":[],"class_list":["post-4201","post","type-post","status-publish","format-standard","has-post-thumbnail","hentry","category-noticias"],"_links":{"self":[{"href":"https:\/\/emasaitabuna.com.br\/new\/wp-json\/wp\/v2\/posts\/4201","targetHints":{"allow":["GET"]}}],"collection":[{"href":"https:\/\/emasaitabuna.com.br\/new\/wp-json\/wp\/v2\/posts"}],"about":[{"href":"https:\/\/emasaitabuna.com.br\/new\/wp-json\/wp\/v2\/types\/post"}],"author":[{"embeddable":true,"href":"https:\/\/emasaitabuna.com.br\/new\/wp-json\/wp\/v2\/users\/1"}],"replies":[{"embeddable":true,"href":"https:\/\/emasaitabuna.com.br\/new\/wp-json\/wp\/v2\/comments?post=4201"}],"version-history":[{"count":4,"href":"https:\/\/emasaitabuna.com.br\/new\/wp-json\/wp\/v2\/posts\/4201\/revisions"}],"predecessor-version":[{"id":4207,"href":"https:\/\/emasaitabuna.com.br\/new\/wp-json\/wp\/v2\/posts\/4201\/revisions\/4207"}],"wp:featuredmedia":[{"embeddable":true,"href":"https:\/\/emasaitabuna.com.br\/new\/wp-json\/wp\/v2\/media\/4203"}],"wp:attachment":[{"href":"https:\/\/emasaitabuna.com.br\/new\/wp-json\/wp\/v2\/media?parent=4201"}],"wp:term":[{"taxonomy":"category","embeddable":true,"href":"https:\/\/emasaitabuna.com.br\/new\/wp-json\/wp\/v2\/categories?post=4201"},{"taxonomy":"post_tag","embeddable":true,"href":"https:\/\/emasaitabuna.com.br\/new\/wp-json\/wp\/v2\/tags?post=4201"}],"curies":[{"name":"wp","href":"https:\/\/api.w.org\/{rel}","templated":true}]}}