{"id":4208,"date":"2026-01-18T09:05:52","date_gmt":"2026-01-18T12:05:52","guid":{"rendered":"https:\/\/emasaitabuna.com.br\/new\/?p=4208"},"modified":"2026-01-18T09:13:22","modified_gmt":"2026-01-18T12:13:22","slug":"emasa-leva-ilhas-de-hidratacao-a-lavagem-do-beco-do-fuxico-e-reforca-cuidado-com-folioes-em-itabuna","status":"publish","type":"post","link":"https:\/\/emasaitabuna.com.br\/new\/emasa-leva-ilhas-de-hidratacao-a-lavagem-do-beco-do-fuxico-e-reforca-cuidado-com-folioes-em-itabuna\/","title":{"rendered":"EMASA leva ilhas de hidrata\u00e7\u00e3o \u00e0 Lavagem do Beco do Fuxico e refor\u00e7a cuidado com foli\u00f5es em Itabuna"},"content":{"rendered":"<div id=\"attachment_4210\" style=\"width: 510px\" class=\"wp-caption aligncenter\"><img decoding=\"async\" aria-describedby=\"caption-attachment-4210\" class=\"wp-image-4210 size-medium\" src=\"https:\/\/emasaitabuna.com.br\/new\/wp-content\/uploads\/2026\/01\/IMG-20260118-WA0001-500x228.jpg\" alt=\"\" width=\"500\" height=\"228\" srcset=\"https:\/\/emasaitabuna.com.br\/new\/wp-content\/uploads\/2026\/01\/IMG-20260118-WA0001-200x91.jpg 200w, https:\/\/emasaitabuna.com.br\/new\/wp-content\/uploads\/2026\/01\/IMG-20260118-WA0001-300x137.jpg 300w, https:\/\/emasaitabuna.com.br\/new\/wp-content\/uploads\/2026\/01\/IMG-20260118-WA0001-400x183.jpg 400w, https:\/\/emasaitabuna.com.br\/new\/wp-content\/uploads\/2026\/01\/IMG-20260118-WA0001-500x228.jpg 500w, https:\/\/emasaitabuna.com.br\/new\/wp-content\/uploads\/2026\/01\/IMG-20260118-WA0001-600x274.jpg 600w, https:\/\/emasaitabuna.com.br\/new\/wp-content\/uploads\/2026\/01\/IMG-20260118-WA0001-768x350.jpg 768w, https:\/\/emasaitabuna.com.br\/new\/wp-content\/uploads\/2026\/01\/IMG-20260118-WA0001-800x365.jpg 800w, https:\/\/emasaitabuna.com.br\/new\/wp-content\/uploads\/2026\/01\/IMG-20260118-WA0001-1200x548.jpg 1200w, https:\/\/emasaitabuna.com.br\/new\/wp-content\/uploads\/2026\/01\/IMG-20260118-WA0001-1536x701.jpg 1536w, https:\/\/emasaitabuna.com.br\/new\/wp-content\/uploads\/2026\/01\/IMG-20260118-WA0001.jpg 1600w\" sizes=\"(max-width: 500px) 100vw, 500px\" \/><p id=\"caption-attachment-4210\" class=\"wp-caption-text\">Legenda: 45\u00aa Lavagem do Beco do Fuxico teve tamb\u00e9m muita anima\u00e7\u00e3o para a crian\u00e7ada com o apoio da EMASA. Foto: Pedro Augusto<\/p><\/div>\n<p>A Empresa Municipal de \u00c1guas e Saneamento (EMASA) participou, neste s\u00e1bado (17), da 45\u00aa Lavagem do Beco do Fuxico, em Itabuna, com a a\u00e7\u00e3o \u201cEMASA na Folia antecipada\u201d, que garantiu ilhas de hidrata\u00e7\u00e3o com \u00e1gua pot\u00e1vel ao longo do circuito da festa. A iniciativa teve como objetivo assegurar o acesso gratuito \u00e0 \u00e1gua tratada, promover a hidrata\u00e7\u00e3o dos foli\u00f5es e contribuir para a sa\u00fade e o bem-estar do p\u00fablico em um evento marcado por altas temperaturas e grande concentra\u00e7\u00e3o de pessoas.<\/p>\n<p>Al\u00e9m da Lavagem do Beco do Fuxico, a estrutura de hidrata\u00e7\u00e3o instalada pela EMASA tamb\u00e9m integra o planejamento do Carnaval Antecipado de Itabuna, que acontece entre os dias 22 e 25 de janeiro, refor\u00e7ando o apoio da empresa aos principais eventos populares do munic\u00edpio. As ilhas foram posicionadas em pontos estrat\u00e9gicos, facilitando o acesso de foli\u00f5es, trabalhadores, ambulantes e equipes de apoio.<\/p>\n<p>A programa\u00e7\u00e3o da Lavagem contou ainda com o bailinho infantil, com a participa\u00e7\u00e3o dos palha\u00e7os Pirulito e Pa\u00e7oca e do pequeno Arthur Gomes, conhecido pelo hit \u201cPiruliru Baby\u201d. O encerramento aconteceu de forma animada com o tradicional banho de mangueira, realizado com o apoio de carro-pipa da EMASA, garantindo a alegria da crian\u00e7ada e tamb\u00e9m dos adultos que acompanharam os pequenos, em um momento de integra\u00e7\u00e3o familiar e descontra\u00e7\u00e3o.<\/p>\n<p>O prefeito de Itabuna, Augusto Castro (PSD), destacou a import\u00e2ncia da Lavagem do Beco do Fuxico como patrim\u00f4nio cultural da cidade e ressaltou o cuidado com a hidrata\u00e7\u00e3o do p\u00fablico. \u201cA Lavagem do Beco do Fuxico \u00e9 uma manifesta\u00e7\u00e3o cultural que preserva nossas tradi\u00e7\u00f5es, re\u00fane fam\u00edlias e movimenta a cidade. Garantir \u00e1gua para os foli\u00f5es \u00e9 uma medida de cuidado, de sa\u00fade p\u00fablica e de respeito \u00e0 popula\u00e7\u00e3o que participa dessa grande festa\u201d, afirmou.<\/p>\n<p>Para o presidente da EMASA, Ivan Maia, a presen\u00e7a da empresa na Lavagem refor\u00e7a o compromisso institucional com a cidade e com suas tradi\u00e7\u00f5es. \u201cA Lavagem do Beco do Fuxico \u00e9 uma celebra\u00e7\u00e3o que une f\u00e9, diversidade cultural e conviv\u00eancia familiar. A EMASA participa com alegria, oferecendo \u00e1gua de qualidade e promovendo a hidrata\u00e7\u00e3o dos foli\u00f5es, porque cuidar da \u00e1gua tamb\u00e9m \u00e9 cuidar das pessoas e da hist\u00f3ria de Itabuna\u201d, concluiu.<\/p>\n<p>\u2014<\/p>\n<p>Assessoria de Comunica\u00e7\u00e3o Social da EMASA<\/p>\n<p>18 de janeiro de 2026<\/p>\n<p><img decoding=\"async\" class=\"aligncenter size-medium wp-image-4212\" src=\"https:\/\/emasaitabuna.com.br\/new\/wp-content\/uploads\/2026\/01\/IMG-20260118-WA0002-500x375.jpg\" alt=\"\" width=\"500\" height=\"375\" srcset=\"https:\/\/emasaitabuna.com.br\/new\/wp-content\/uploads\/2026\/01\/IMG-20260118-WA0002-200x150.jpg 200w, https:\/\/emasaitabuna.com.br\/new\/wp-content\/uploads\/2026\/01\/IMG-20260118-WA0002-300x225.jpg 300w, https:\/\/emasaitabuna.com.br\/new\/wp-content\/uploads\/2026\/01\/IMG-20260118-WA0002-400x300.jpg 400w, https:\/\/emasaitabuna.com.br\/new\/wp-content\/uploads\/2026\/01\/IMG-20260118-WA0002-500x375.jpg 500w, https:\/\/emasaitabuna.com.br\/new\/wp-content\/uploads\/2026\/01\/IMG-20260118-WA0002-600x450.jpg 600w, https:\/\/emasaitabuna.com.br\/new\/wp-content\/uploads\/2026\/01\/IMG-20260118-WA0002-768x576.jpg 768w, https:\/\/emasaitabuna.com.br\/new\/wp-content\/uploads\/2026\/01\/IMG-20260118-WA0002-800x600.jpg 800w, https:\/\/emasaitabuna.com.br\/new\/wp-content\/uploads\/2026\/01\/IMG-20260118-WA0002-1200x900.jpg 1200w, https:\/\/emasaitabuna.com.br\/new\/wp-content\/uploads\/2026\/01\/IMG-20260118-WA0002-1536x1152.jpg 1536w, https:\/\/emasaitabuna.com.br\/new\/wp-content\/uploads\/2026\/01\/IMG-20260118-WA0002.jpg 1600w\" sizes=\"(max-width: 500px) 100vw, 500px\" \/><\/p>\n","protected":false},"excerpt":{"rendered":"<p>A Empresa Municipal de \u00c1guas e Saneamento (EMASA) participou, neste s\u00e1bado (17), da 45\u00aa Lavagem do Beco do Fuxico, em [&hellip;]<\/p>\n","protected":false},"author":1,"featured_media":4210,"comment_status":"open","ping_status":"open","sticky":false,"template":"","format":"standard","meta":{"nf_dc_page":"","footnotes":""},"categories":[9],"tags":[],"class_list":["post-4208","post","type-post","status-publish","format-standard","has-post-thumbnail","hentry","category-noticias"],"_links":{"self":[{"href":"https:\/\/emasaitabuna.com.br\/new\/wp-json\/wp\/v2\/posts\/4208","targetHints":{"allow":["GET"]}}],"collection":[{"href":"https:\/\/emasaitabuna.com.br\/new\/wp-json\/wp\/v2\/posts"}],"about":[{"href":"https:\/\/emasaitabuna.com.br\/new\/wp-json\/wp\/v2\/types\/post"}],"author":[{"embeddable":true,"href":"https:\/\/emasaitabuna.com.br\/new\/wp-json\/wp\/v2\/users\/1"}],"replies":[{"embeddable":true,"href":"https:\/\/emasaitabuna.com.br\/new\/wp-json\/wp\/v2\/comments?post=4208"}],"version-history":[{"count":4,"href":"https:\/\/emasaitabuna.com.br\/new\/wp-json\/wp\/v2\/posts\/4208\/revisions"}],"predecessor-version":[{"id":4214,"href":"https:\/\/emasaitabuna.com.br\/new\/wp-json\/wp\/v2\/posts\/4208\/revisions\/4214"}],"wp:featuredmedia":[{"embeddable":true,"href":"https:\/\/emasaitabuna.com.br\/new\/wp-json\/wp\/v2\/media\/4210"}],"wp:attachment":[{"href":"https:\/\/emasaitabuna.com.br\/new\/wp-json\/wp\/v2\/media?parent=4208"}],"wp:term":[{"taxonomy":"category","embeddable":true,"href":"https:\/\/emasaitabuna.com.br\/new\/wp-json\/wp\/v2\/categories?post=4208"},{"taxonomy":"post_tag","embeddable":true,"href":"https:\/\/emasaitabuna.com.br\/new\/wp-json\/wp\/v2\/tags?post=4208"}],"curies":[{"name":"wp","href":"https:\/\/api.w.org\/{rel}","templated":true}]}}