{"id":4225,"date":"2026-01-20T20:48:35","date_gmt":"2026-01-20T23:48:35","guid":{"rendered":"https:\/\/emasaitabuna.com.br\/new\/?p=4225"},"modified":"2026-01-20T20:48:35","modified_gmt":"2026-01-20T23:48:35","slug":"servicos-de-manutencao-na-eta-da-emasa-vao-afetar-o-fornecimento-de-agua-em-sete-bairros-de-itabuna","status":"publish","type":"post","link":"https:\/\/emasaitabuna.com.br\/new\/servicos-de-manutencao-na-eta-da-emasa-vao-afetar-o-fornecimento-de-agua-em-sete-bairros-de-itabuna\/","title":{"rendered":"Servi\u00e7os de manuten\u00e7\u00e3o na ETA da EMASA v\u00e3o afetar o fornecimento de \u00e1gua em sete bairros de Itabuna"},"content":{"rendered":"<div id=\"attachment_4227\" style=\"width: 510px\" class=\"wp-caption aligncenter\"><img decoding=\"async\" aria-describedby=\"caption-attachment-4227\" class=\"size-medium wp-image-4227\" src=\"https:\/\/emasaitabuna.com.br\/new\/wp-content\/uploads\/2026\/01\/IMG-20260120-WA0017-500x281.jpg\" alt=\"\" width=\"500\" height=\"281\" srcset=\"https:\/\/emasaitabuna.com.br\/new\/wp-content\/uploads\/2026\/01\/IMG-20260120-WA0017-200x113.jpg 200w, https:\/\/emasaitabuna.com.br\/new\/wp-content\/uploads\/2026\/01\/IMG-20260120-WA0017-300x169.jpg 300w, https:\/\/emasaitabuna.com.br\/new\/wp-content\/uploads\/2026\/01\/IMG-20260120-WA0017-400x225.jpg 400w, https:\/\/emasaitabuna.com.br\/new\/wp-content\/uploads\/2026\/01\/IMG-20260120-WA0017-500x281.jpg 500w, https:\/\/emasaitabuna.com.br\/new\/wp-content\/uploads\/2026\/01\/IMG-20260120-WA0017-600x338.jpg 600w, https:\/\/emasaitabuna.com.br\/new\/wp-content\/uploads\/2026\/01\/IMG-20260120-WA0017-768x432.jpg 768w, https:\/\/emasaitabuna.com.br\/new\/wp-content\/uploads\/2026\/01\/IMG-20260120-WA0017-800x450.jpg 800w, https:\/\/emasaitabuna.com.br\/new\/wp-content\/uploads\/2026\/01\/IMG-20260120-WA0017-1200x675.jpg 1200w, https:\/\/emasaitabuna.com.br\/new\/wp-content\/uploads\/2026\/01\/IMG-20260120-WA0017-1536x864.jpg 1536w, https:\/\/emasaitabuna.com.br\/new\/wp-content\/uploads\/2026\/01\/IMG-20260120-WA0017.jpg 1600w\" sizes=\"(max-width: 500px) 100vw, 500px\" \/><p id=\"caption-attachment-4227\" class=\"wp-caption-text\">Substitui\u00e7\u00e3o de pe\u00e7a na ETA principal, vai afetar o fornecimento de \u00e1gua em sete bairros de Itabuna.<\/p><\/div>\n<p>A Empresa Municipal de \u00c1guas e Saneamento (EMASA) vai interromper, temporariamente, a produ\u00e7\u00e3o, tratamento e distribui\u00e7\u00e3o de \u00e1gua nesta quarta-feira, dia 21, para realizar a substitui\u00e7\u00e3o do registro que regula a distribui\u00e7\u00e3o de \u00e1gua na Esta\u00e7\u00e3o de Tratamento de \u00c1gua (ETA), principal no Bairro S\u00e3o Louren\u00e7o.<\/p>\n<p>Os servi\u00e7os v\u00e3o afetar o abastecimento para os bairros Santo Ant\u00f4nio (parte baixa), Mangabinha, Zildol\u00e2ndia, Pontalzinho (parte baixa), Banco Raso e Concei\u00e7\u00e3o e Centro.<\/p>\n<p>Segundo o gerente de Abastecimento da EMASA, Roberto Alves, os servi\u00e7os de substitui\u00e7\u00e3o da pe\u00e7a foram programados e ser\u00e3o executados nas primeiras horas do dia para n\u00e3o causar maiores transtornos aos moradores dos bairros afetados.<\/p>\n<p>\u201cA previs\u00e3o \u00e9 de que o trabalho tenha dura\u00e7\u00e3o entre 4 e 5 horas. Ap\u00f3s a conclus\u00e3o da manuten\u00e7\u00e3o e a realiza\u00e7\u00e3o dos testes operacionais, o abastecimento ser\u00e1 restabelecido de forma gradativa nas \u00e1reas atingidas\u201d, projeta o gerente de Abastecimento.<\/p>\n<p>Alves pede que a popula\u00e7\u00e3o dos bairros alcan\u00e7ados que fa\u00e7a uso consciente e racional da \u00e1gua, evitando o desperd\u00edcio.<\/p>\n<p>\u201cIndependentemente de qualquer contratempo \u00e9 importante que todos fa\u00e7am o uso da \u00e1gua com racionalidade, preservando um bem comum a todos, finito e limitado, apesar de ser um recurso renov\u00e1vel\u201d, aconselha.<\/p>\n<p>\u2014&#8212;&#8211;\u2010\u2014&#8212;&#8212;&#8212;&#8212;<\/p>\n<p>Assessoria de Comunica\u00e7\u00e3o Social da EMASA<\/p>\n<p>20\/janeiro\/2026.<\/p>\n","protected":false},"excerpt":{"rendered":"<p>A Empresa Municipal de \u00c1guas e Saneamento (EMASA) vai interromper, temporariamente, a produ\u00e7\u00e3o, tratamento e distribui\u00e7\u00e3o de \u00e1gua nesta quarta-feira, [&hellip;]<\/p>\n","protected":false},"author":1,"featured_media":4227,"comment_status":"open","ping_status":"open","sticky":false,"template":"","format":"standard","meta":{"nf_dc_page":"","footnotes":""},"categories":[9],"tags":[],"class_list":["post-4225","post","type-post","status-publish","format-standard","has-post-thumbnail","hentry","category-noticias"],"_links":{"self":[{"href":"https:\/\/emasaitabuna.com.br\/new\/wp-json\/wp\/v2\/posts\/4225","targetHints":{"allow":["GET"]}}],"collection":[{"href":"https:\/\/emasaitabuna.com.br\/new\/wp-json\/wp\/v2\/posts"}],"about":[{"href":"https:\/\/emasaitabuna.com.br\/new\/wp-json\/wp\/v2\/types\/post"}],"author":[{"embeddable":true,"href":"https:\/\/emasaitabuna.com.br\/new\/wp-json\/wp\/v2\/users\/1"}],"replies":[{"embeddable":true,"href":"https:\/\/emasaitabuna.com.br\/new\/wp-json\/wp\/v2\/comments?post=4225"}],"version-history":[{"count":2,"href":"https:\/\/emasaitabuna.com.br\/new\/wp-json\/wp\/v2\/posts\/4225\/revisions"}],"predecessor-version":[{"id":4228,"href":"https:\/\/emasaitabuna.com.br\/new\/wp-json\/wp\/v2\/posts\/4225\/revisions\/4228"}],"wp:featuredmedia":[{"embeddable":true,"href":"https:\/\/emasaitabuna.com.br\/new\/wp-json\/wp\/v2\/media\/4227"}],"wp:attachment":[{"href":"https:\/\/emasaitabuna.com.br\/new\/wp-json\/wp\/v2\/media?parent=4225"}],"wp:term":[{"taxonomy":"category","embeddable":true,"href":"https:\/\/emasaitabuna.com.br\/new\/wp-json\/wp\/v2\/categories?post=4225"},{"taxonomy":"post_tag","embeddable":true,"href":"https:\/\/emasaitabuna.com.br\/new\/wp-json\/wp\/v2\/tags?post=4225"}],"curies":[{"name":"wp","href":"https:\/\/api.w.org\/{rel}","templated":true}]}}