{"id":4229,"date":"2026-01-21T14:07:50","date_gmt":"2026-01-21T17:07:50","guid":{"rendered":"https:\/\/emasaitabuna.com.br\/new\/?p=4229"},"modified":"2026-01-21T14:07:50","modified_gmt":"2026-01-21T17:07:50","slug":"chuvas-e-ventos-fortes-danificam-a-rede-de-energia-eletrica-da-emasa-em-rio-do-braco","status":"publish","type":"post","link":"https:\/\/emasaitabuna.com.br\/new\/chuvas-e-ventos-fortes-danificam-a-rede-de-energia-eletrica-da-emasa-em-rio-do-braco\/","title":{"rendered":"Chuvas e ventos fortes danificam a rede de energia el\u00e9trica da EMASA em Rio do Bra\u00e7o"},"content":{"rendered":"<div id=\"attachment_4231\" style=\"width: 500px\" class=\"wp-caption aligncenter\"><img decoding=\"async\" aria-describedby=\"caption-attachment-4231\" class=\"size-medium wp-image-4231\" src=\"https:\/\/emasaitabuna.com.br\/new\/wp-content\/uploads\/2026\/01\/Screenshot_2026-01-21-14-04-05-286_com.whatsapp-490x500.png\" alt=\"\" width=\"490\" height=\"500\" srcset=\"https:\/\/emasaitabuna.com.br\/new\/wp-content\/uploads\/2026\/01\/Screenshot_2026-01-21-14-04-05-286_com.whatsapp-66x66.png 66w, https:\/\/emasaitabuna.com.br\/new\/wp-content\/uploads\/2026\/01\/Screenshot_2026-01-21-14-04-05-286_com.whatsapp-200x204.png 200w, https:\/\/emasaitabuna.com.br\/new\/wp-content\/uploads\/2026\/01\/Screenshot_2026-01-21-14-04-05-286_com.whatsapp-294x300.png 294w, https:\/\/emasaitabuna.com.br\/new\/wp-content\/uploads\/2026\/01\/Screenshot_2026-01-21-14-04-05-286_com.whatsapp-400x408.png 400w, https:\/\/emasaitabuna.com.br\/new\/wp-content\/uploads\/2026\/01\/Screenshot_2026-01-21-14-04-05-286_com.whatsapp-490x500.png 490w, https:\/\/emasaitabuna.com.br\/new\/wp-content\/uploads\/2026\/01\/Screenshot_2026-01-21-14-04-05-286_com.whatsapp-600x612.png 600w, https:\/\/emasaitabuna.com.br\/new\/wp-content\/uploads\/2026\/01\/Screenshot_2026-01-21-14-04-05-286_com.whatsapp-768x783.png 768w, https:\/\/emasaitabuna.com.br\/new\/wp-content\/uploads\/2026\/01\/Screenshot_2026-01-21-14-04-05-286_com.whatsapp-800x816.png 800w, https:\/\/emasaitabuna.com.br\/new\/wp-content\/uploads\/2026\/01\/Screenshot_2026-01-21-14-04-05-286_com.whatsapp.png 1021w\" sizes=\"(max-width: 490px) 100vw, 490px\" \/><p id=\"caption-attachment-4231\" class=\"wp-caption-text\">Fortes chuvas que atingiram o povoado de Rio do Bra\u00e7o, em Ilh\u00e9us, danificaram a rede de energia el\u00e9trica, que atende a Esta\u00e7\u00e3o de Capta\u00e7\u00e3o de \u00c1gua Bruta da EMASA.<\/p><\/div>\n<p>As chuvas que atingiram boa parte do Sul da Bahia, acompanhadas de ventos fortes, raios e trov\u00f5es na madrugada hoje, dia 21, causaram grande estrago na rede de energia el\u00e9trica que alimenta a Esta\u00e7\u00e3o de Capta\u00e7\u00e3o de \u00c1gua Bruta da Empresa Municipal de \u00c1guas e Saneamento (EMASA), no povoado de Rio do Bra\u00e7o, distrito de Banco do Pedro, no munic\u00edpio de Ilh\u00e9us, provocando a paralisa\u00e7\u00e3o do sistema.<\/p>\n<p>No levantamento realizado por oper\u00e1rios da EMASA, foram constatados problemas em uma extens\u00e3o de mais de 125 metros da rede el\u00e9trica, que provocaram a avaria\u00e7\u00e3o de quatro postes e quebra tr\u00eas cruzetas, al\u00e9m do rompimento de cabos.<\/p>\n<p>Segundo o superintendente de Extens\u00e3o e Opera\u00e7\u00e3o, Anderson Alves, um Plano de A\u00e7\u00e3o foi tra\u00e7ado para a recupera\u00e7\u00e3o da rede el\u00e9trica que pertence a EMASA. \u201cEsbo\u00e7amos um Plano de A\u00e7\u00e3o e vamos trabalhar de forma ininterrupta para restabelecer o sistema de capta\u00e7\u00e3o de \u00e1gua bruta. Por\u00e9m, como o estrago foi muito grande n\u00e3o h\u00e1 ainda como prever a conclus\u00e3o dos servi\u00e7os\u201d, afirma.<\/p>\n<p>Um fato que chamou a aten\u00e7\u00e3o do superintendente da EMASA foi que o incidente ocorreu em uma \u00e1rea livre, aberta e sem galhos de \u00e1rvores no entorno da rede de energia el\u00e9trica.<\/p>\n<p>\u201cEm dezembro \u00faltimo, foi realizado a limpeza de \u00e1rea de faixa em nossa rede de energia el\u00e9trica. Acredito que, al\u00e9m dos fortes ventos, algum raio possa ter provocado todos esses danos em nossa rede\u201d, sup\u00f5e Anderson Alves.<\/p>\n<p>Com a paralisa\u00e7\u00e3o da capta\u00e7\u00e3o em Rio do Bra\u00e7o, haver\u00e1 uma diminui\u00e7\u00e3o da oferta de \u00e1gua em torno de 15 a 20%, provocando atraso no abastecimento da cidade.<\/p>\n<p>O superintendente Anderson Alves ressalta que a Esta\u00e7\u00e3o de Capta\u00e7\u00e3o, em Nova Ferradas, est\u00e1 operando em sua totalidade, o que garante o funcionamento da principal Esta\u00e7\u00e3o de Tratamento de \u00c1gua (ETA), no Bairro S\u00e3o Louren\u00e7o. \u201cVamos trabalhar para reestabelecer o sistema na Esta\u00e7\u00e3o de Rio do Bra\u00e7o o quanto antes, acreditamos que at\u00e9 o final do dia de amanh\u00e3, dia 22, voltamos a operar. Mas, \u00e9 recomendo fazer o uso racional da \u00e1gua, evitando o desperd\u00edcio\u201d, aconselha Anderson Alves.<\/p>\n<p>&#8212;-<\/p>\n<p>Assessoria de Comunica\u00e7\u00e3o Social da EMASA<\/p>\n<p>21\/janeiro\/2026.<\/p>\n","protected":false},"excerpt":{"rendered":"<p>As chuvas que atingiram boa parte do Sul da Bahia, acompanhadas de ventos fortes, raios e trov\u00f5es na madrugada hoje, [&hellip;]<\/p>\n","protected":false},"author":1,"featured_media":4231,"comment_status":"open","ping_status":"open","sticky":false,"template":"","format":"standard","meta":{"nf_dc_page":"","footnotes":""},"categories":[9],"tags":[],"class_list":["post-4229","post","type-post","status-publish","format-standard","has-post-thumbnail","hentry","category-noticias"],"_links":{"self":[{"href":"https:\/\/emasaitabuna.com.br\/new\/wp-json\/wp\/v2\/posts\/4229","targetHints":{"allow":["GET"]}}],"collection":[{"href":"https:\/\/emasaitabuna.com.br\/new\/wp-json\/wp\/v2\/posts"}],"about":[{"href":"https:\/\/emasaitabuna.com.br\/new\/wp-json\/wp\/v2\/types\/post"}],"author":[{"embeddable":true,"href":"https:\/\/emasaitabuna.com.br\/new\/wp-json\/wp\/v2\/users\/1"}],"replies":[{"embeddable":true,"href":"https:\/\/emasaitabuna.com.br\/new\/wp-json\/wp\/v2\/comments?post=4229"}],"version-history":[{"count":2,"href":"https:\/\/emasaitabuna.com.br\/new\/wp-json\/wp\/v2\/posts\/4229\/revisions"}],"predecessor-version":[{"id":4232,"href":"https:\/\/emasaitabuna.com.br\/new\/wp-json\/wp\/v2\/posts\/4229\/revisions\/4232"}],"wp:featuredmedia":[{"embeddable":true,"href":"https:\/\/emasaitabuna.com.br\/new\/wp-json\/wp\/v2\/media\/4231"}],"wp:attachment":[{"href":"https:\/\/emasaitabuna.com.br\/new\/wp-json\/wp\/v2\/media?parent=4229"}],"wp:term":[{"taxonomy":"category","embeddable":true,"href":"https:\/\/emasaitabuna.com.br\/new\/wp-json\/wp\/v2\/categories?post=4229"},{"taxonomy":"post_tag","embeddable":true,"href":"https:\/\/emasaitabuna.com.br\/new\/wp-json\/wp\/v2\/tags?post=4229"}],"curies":[{"name":"wp","href":"https:\/\/api.w.org\/{rel}","templated":true}]}}