{"id":4233,"date":"2026-01-22T15:13:33","date_gmt":"2026-01-22T18:13:33","guid":{"rendered":"https:\/\/emasaitabuna.com.br\/new\/?p=4233"},"modified":"2026-01-22T15:16:17","modified_gmt":"2026-01-22T18:16:17","slug":"emasa-volta-operar-depois-de-recuperar-rede-de-energia-eletrica-na-estacao-de-captacao-em-rio-do-braco","status":"publish","type":"post","link":"https:\/\/emasaitabuna.com.br\/new\/emasa-volta-operar-depois-de-recuperar-rede-de-energia-eletrica-na-estacao-de-captacao-em-rio-do-braco\/","title":{"rendered":"EMASA volta operar depois de recuperar rede de energia el\u00e9trica na Esta\u00e7\u00e3o de Capta\u00e7\u00e3o em Rio do Bra\u00e7o"},"content":{"rendered":"<div id=\"attachment_4235\" style=\"width: 510px\" class=\"wp-caption aligncenter\"><img decoding=\"async\" aria-describedby=\"caption-attachment-4235\" class=\"wp-image-4235 size-medium\" src=\"https:\/\/emasaitabuna.com.br\/new\/wp-content\/uploads\/2026\/01\/IMG-20260122-WA0011-500x375.jpg\" alt=\"\" width=\"500\" height=\"375\" srcset=\"https:\/\/emasaitabuna.com.br\/new\/wp-content\/uploads\/2026\/01\/IMG-20260122-WA0011-200x150.jpg 200w, https:\/\/emasaitabuna.com.br\/new\/wp-content\/uploads\/2026\/01\/IMG-20260122-WA0011-300x225.jpg 300w, https:\/\/emasaitabuna.com.br\/new\/wp-content\/uploads\/2026\/01\/IMG-20260122-WA0011-400x300.jpg 400w, https:\/\/emasaitabuna.com.br\/new\/wp-content\/uploads\/2026\/01\/IMG-20260122-WA0011-500x375.jpg 500w, https:\/\/emasaitabuna.com.br\/new\/wp-content\/uploads\/2026\/01\/IMG-20260122-WA0011-600x450.jpg 600w, https:\/\/emasaitabuna.com.br\/new\/wp-content\/uploads\/2026\/01\/IMG-20260122-WA0011-768x576.jpg 768w, https:\/\/emasaitabuna.com.br\/new\/wp-content\/uploads\/2026\/01\/IMG-20260122-WA0011-800x600.jpg 800w, https:\/\/emasaitabuna.com.br\/new\/wp-content\/uploads\/2026\/01\/IMG-20260122-WA0011-1200x900.jpg 1200w, https:\/\/emasaitabuna.com.br\/new\/wp-content\/uploads\/2026\/01\/IMG-20260122-WA0011-1536x1152.jpg 1536w, https:\/\/emasaitabuna.com.br\/new\/wp-content\/uploads\/2026\/01\/IMG-20260122-WA0011.jpg 1600w\" sizes=\"(max-width: 500px) 100vw, 500px\" \/><p id=\"caption-attachment-4235\" class=\"wp-caption-text\">A rede de energia el\u00e9trica em Rio do Bra\u00e7o foi recuperada e sistema de capta\u00e7\u00e3o voltou a operar.<\/p><\/div>\n<p>A Empresa Municipal de \u00c1guas e Saneamento (EMASA) voltou a operar na sua plena capacidade depois de finalizado, no in\u00edcio da tarde de hoje, dia 22, o servi\u00e7o de recupera\u00e7\u00e3o da rede el\u00e9trica que alimenta a Esta\u00e7\u00e3o de Capta\u00e7\u00e3o de \u00c1gua Bruta (ECAB).<\/p>\n<p>A rede sofreu avarias depois das fortes chuvas, com ventos e raios, na madrugada da quarta-feira passada, dia 21, que atingiram o povoado de Rio do Bra\u00e7o, no Distrito de Banco do Pedro, em Ilh\u00e9us, onde est\u00e1 localizada a ECAB.<\/p>\n<p>Desde as primeiras horas de ontem, t\u00e9cnicos e oper\u00e1rios da EMASA iniciaram os trabalhos de recupera\u00e7\u00e3o de postes, cruzetas e cabos de energia el\u00e9trica da rede destinada, exclusivamente, a atender a esta\u00e7\u00e3o de Rio do Bra\u00e7o.<\/p>\n<p>De acordo com o superintendente de Extens\u00e3o e Opera\u00e7\u00e3o, Anderson Alves, a tempestade na regi\u00e3o de Rio do Bra\u00e7o causou danos \u00e0 rede de energia el\u00e9trica, jamais visto em situa\u00e7\u00f5es anteriores.<\/p>\n<p>\u201cO temporal provocou danos sem precedentes na rede el\u00e9trica da Esta\u00e7\u00e3o de Capta\u00e7\u00e3o. Para o reparo foi tra\u00e7ado um Plano de A\u00e7\u00e3o e as equipes atuaram com afinco para recuperar toda a rede para fazer o sistema voltar a operar\u201d, explicou o superintendente.<\/p>\n<p>Com a finaliza\u00e7\u00e3o dos trabalhos e a religa\u00e7\u00e3o da rede el\u00e9trica pela Neoenergia Coelba, o sistema reiniciou ah opera\u00e7\u00e3o de capta\u00e7\u00e3o de \u00e1gua bruta e ou abastecimento de \u00e1gua tratada para os moradores de Itabuna, que est\u00e1 sendo retomada gradualmente.<\/p>\n<p>&#8212;&#8211;<\/p>\n<p>Assessoria de Comunica\u00e7\u00e3o Social da EMASA.<\/p>\n<p>22\/janeiro\/2026.<\/p>\n","protected":false},"excerpt":{"rendered":"<p>A Empresa Municipal de \u00c1guas e Saneamento (EMASA) voltou a operar na sua plena capacidade depois de finalizado, no in\u00edcio [&hellip;]<\/p>\n","protected":false},"author":1,"featured_media":4235,"comment_status":"open","ping_status":"open","sticky":false,"template":"","format":"standard","meta":{"nf_dc_page":"","footnotes":""},"categories":[9],"tags":[],"class_list":["post-4233","post","type-post","status-publish","format-standard","has-post-thumbnail","hentry","category-noticias"],"_links":{"self":[{"href":"https:\/\/emasaitabuna.com.br\/new\/wp-json\/wp\/v2\/posts\/4233","targetHints":{"allow":["GET"]}}],"collection":[{"href":"https:\/\/emasaitabuna.com.br\/new\/wp-json\/wp\/v2\/posts"}],"about":[{"href":"https:\/\/emasaitabuna.com.br\/new\/wp-json\/wp\/v2\/types\/post"}],"author":[{"embeddable":true,"href":"https:\/\/emasaitabuna.com.br\/new\/wp-json\/wp\/v2\/users\/1"}],"replies":[{"embeddable":true,"href":"https:\/\/emasaitabuna.com.br\/new\/wp-json\/wp\/v2\/comments?post=4233"}],"version-history":[{"count":3,"href":"https:\/\/emasaitabuna.com.br\/new\/wp-json\/wp\/v2\/posts\/4233\/revisions"}],"predecessor-version":[{"id":4237,"href":"https:\/\/emasaitabuna.com.br\/new\/wp-json\/wp\/v2\/posts\/4233\/revisions\/4237"}],"wp:featuredmedia":[{"embeddable":true,"href":"https:\/\/emasaitabuna.com.br\/new\/wp-json\/wp\/v2\/media\/4235"}],"wp:attachment":[{"href":"https:\/\/emasaitabuna.com.br\/new\/wp-json\/wp\/v2\/media?parent=4233"}],"wp:term":[{"taxonomy":"category","embeddable":true,"href":"https:\/\/emasaitabuna.com.br\/new\/wp-json\/wp\/v2\/categories?post=4233"},{"taxonomy":"post_tag","embeddable":true,"href":"https:\/\/emasaitabuna.com.br\/new\/wp-json\/wp\/v2\/tags?post=4233"}],"curies":[{"name":"wp","href":"https:\/\/api.w.org\/{rel}","templated":true}]}}