{"id":4246,"date":"2026-01-26T22:00:27","date_gmt":"2026-01-27T01:00:27","guid":{"rendered":"https:\/\/emasaitabuna.com.br\/new\/?p=4246"},"modified":"2026-01-26T22:00:27","modified_gmt":"2026-01-27T01:00:27","slug":"falta-de-energia-eletrica-pode-comprometer-abastecimento-de-agua-na-zona-oeste-de-itabuna","status":"publish","type":"post","link":"https:\/\/emasaitabuna.com.br\/new\/falta-de-energia-eletrica-pode-comprometer-abastecimento-de-agua-na-zona-oeste-de-itabuna\/","title":{"rendered":"Falta de energia el\u00e9trica pode comprometer abastecimento de \u00e1gua na zona oeste de Itabuna"},"content":{"rendered":"<p><img decoding=\"async\" class=\"aligncenter size-medium wp-image-4248\" src=\"https:\/\/emasaitabuna.com.br\/new\/wp-content\/uploads\/2026\/01\/IMG-20260126-WA00951-500x333.jpg\" alt=\"\" width=\"500\" height=\"333\" srcset=\"https:\/\/emasaitabuna.com.br\/new\/wp-content\/uploads\/2026\/01\/IMG-20260126-WA00951-200x133.jpg 200w, https:\/\/emasaitabuna.com.br\/new\/wp-content\/uploads\/2026\/01\/IMG-20260126-WA00951-300x200.jpg 300w, https:\/\/emasaitabuna.com.br\/new\/wp-content\/uploads\/2026\/01\/IMG-20260126-WA00951-400x267.jpg 400w, https:\/\/emasaitabuna.com.br\/new\/wp-content\/uploads\/2026\/01\/IMG-20260126-WA00951-500x333.jpg 500w, https:\/\/emasaitabuna.com.br\/new\/wp-content\/uploads\/2026\/01\/IMG-20260126-WA00951-600x400.jpg 600w, https:\/\/emasaitabuna.com.br\/new\/wp-content\/uploads\/2026\/01\/IMG-20260126-WA00951-768x512.jpg 768w, https:\/\/emasaitabuna.com.br\/new\/wp-content\/uploads\/2026\/01\/IMG-20260126-WA00951-800x533.jpg 800w, https:\/\/emasaitabuna.com.br\/new\/wp-content\/uploads\/2026\/01\/IMG-20260126-WA00951-1200x800.jpg 1200w, https:\/\/emasaitabuna.com.br\/new\/wp-content\/uploads\/2026\/01\/IMG-20260126-WA00951-1536x1023.jpg 1536w, https:\/\/emasaitabuna.com.br\/new\/wp-content\/uploads\/2026\/01\/IMG-20260126-WA00951.jpg 1600w\" sizes=\"(max-width: 500px) 100vw, 500px\" \/><\/p>\n<p>A Empresa Municipal de \u00c1guas e Saneamento (EMASA) informa que, desde \u00e0s 10h desta segunda-feira (26), o abastecimento de \u00e1gua est\u00e1 temporariamente comprometido em \u00e1reas da zona oeste de Itabuna devido \u00e0 falta de uma fase de energia el\u00e9trica registrada pela Coelba, que atingiu a capta\u00e7\u00e3o do Rio do Bra\u00e7o e a Esta\u00e7\u00e3o Elevat\u00f3ria de Mutuns.<\/p>\n<p>Com a interrup\u00e7\u00e3o no fornecimento de energia, ficaram impactados o reservat\u00f3rio do Antique e os dois reservat\u00f3rios do Programa Mais \u00c1gua, fazendo com que o sistema opere, neste momento, apenas com a unidade de Ferradas. A situa\u00e7\u00e3o provoca paralisa\u00e7\u00e3o parcial do abastecimento em bairros como Monte Cristo, al\u00e9m de outras localidades da zona oeste e \u00e1reas atendidas pelo Mais \u00c1gua.<\/p>\n<p>A EMASA j\u00e1 acionou a Coelba e acompanha a ocorr\u00eancia. Segundo a concession\u00e1ria de energia, \u201co problema \u00e9 geral na regi\u00e3o e as equipes t\u00e9cnicas est\u00e3o em deslocamento para inspe\u00e7\u00e3o do trecho, para realiza\u00e7\u00e3o da manobra de transfer\u00eancia de carga\u201d.<\/p>\n<p>A empresa orienta a popula\u00e7\u00e3o a fazer uso consciente da \u00e1gua at\u00e9 que o sistema seja totalmente restabelecido e refor\u00e7a que segue monitorando a situa\u00e7\u00e3o, mantendo a comunidade informada sobre novos desdobramentos.<\/p>\n<p>\u2014\u2014<\/p>\n<p>Assessoria de Comunica\u00e7\u00e3o Social da EMASA<\/p>\n<p>26\/janeiro\/2026<\/p>\n","protected":false},"excerpt":{"rendered":"<p>A Empresa Municipal de \u00c1guas e Saneamento (EMASA) informa que, desde \u00e0s 10h desta segunda-feira (26), o abastecimento de \u00e1gua [&hellip;]<\/p>\n","protected":false},"author":1,"featured_media":4248,"comment_status":"open","ping_status":"open","sticky":false,"template":"","format":"standard","meta":{"nf_dc_page":"","footnotes":""},"categories":[9],"tags":[],"class_list":["post-4246","post","type-post","status-publish","format-standard","has-post-thumbnail","hentry","category-noticias"],"_links":{"self":[{"href":"https:\/\/emasaitabuna.com.br\/new\/wp-json\/wp\/v2\/posts\/4246","targetHints":{"allow":["GET"]}}],"collection":[{"href":"https:\/\/emasaitabuna.com.br\/new\/wp-json\/wp\/v2\/posts"}],"about":[{"href":"https:\/\/emasaitabuna.com.br\/new\/wp-json\/wp\/v2\/types\/post"}],"author":[{"embeddable":true,"href":"https:\/\/emasaitabuna.com.br\/new\/wp-json\/wp\/v2\/users\/1"}],"replies":[{"embeddable":true,"href":"https:\/\/emasaitabuna.com.br\/new\/wp-json\/wp\/v2\/comments?post=4246"}],"version-history":[{"count":2,"href":"https:\/\/emasaitabuna.com.br\/new\/wp-json\/wp\/v2\/posts\/4246\/revisions"}],"predecessor-version":[{"id":4249,"href":"https:\/\/emasaitabuna.com.br\/new\/wp-json\/wp\/v2\/posts\/4246\/revisions\/4249"}],"wp:featuredmedia":[{"embeddable":true,"href":"https:\/\/emasaitabuna.com.br\/new\/wp-json\/wp\/v2\/media\/4248"}],"wp:attachment":[{"href":"https:\/\/emasaitabuna.com.br\/new\/wp-json\/wp\/v2\/media?parent=4246"}],"wp:term":[{"taxonomy":"category","embeddable":true,"href":"https:\/\/emasaitabuna.com.br\/new\/wp-json\/wp\/v2\/categories?post=4246"},{"taxonomy":"post_tag","embeddable":true,"href":"https:\/\/emasaitabuna.com.br\/new\/wp-json\/wp\/v2\/tags?post=4246"}],"curies":[{"name":"wp","href":"https:\/\/api.w.org\/{rel}","templated":true}]}}