{"id":4263,"date":"2026-01-29T21:30:21","date_gmt":"2026-01-30T00:30:21","guid":{"rendered":"https:\/\/emasaitabuna.com.br\/new\/?p=4263"},"modified":"2026-01-29T21:30:21","modified_gmt":"2026-01-30T00:30:21","slug":"prefeito-augusto-castro-nomeia-e-da-posse-a-tauan-sampaio-como-novo-presidente-da-emasa","status":"publish","type":"post","link":"https:\/\/emasaitabuna.com.br\/new\/prefeito-augusto-castro-nomeia-e-da-posse-a-tauan-sampaio-como-novo-presidente-da-emasa\/","title":{"rendered":"Prefeito Augusto Castro nomeia e d\u00e1 posse a Tauan Sampaio como novo presidente da EMASA"},"content":{"rendered":"<div id=\"attachment_4265\" style=\"width: 510px\" class=\"wp-caption aligncenter\"><img decoding=\"async\" aria-describedby=\"caption-attachment-4265\" class=\"size-medium wp-image-4265\" src=\"https:\/\/emasaitabuna.com.br\/new\/wp-content\/uploads\/2026\/01\/IMG-20260129-WA0029-500x282.jpg\" alt=\"\" width=\"500\" height=\"282\" srcset=\"https:\/\/emasaitabuna.com.br\/new\/wp-content\/uploads\/2026\/01\/IMG-20260129-WA0029-200x113.jpg 200w, https:\/\/emasaitabuna.com.br\/new\/wp-content\/uploads\/2026\/01\/IMG-20260129-WA0029-300x169.jpg 300w, https:\/\/emasaitabuna.com.br\/new\/wp-content\/uploads\/2026\/01\/IMG-20260129-WA0029-400x226.jpg 400w, https:\/\/emasaitabuna.com.br\/new\/wp-content\/uploads\/2026\/01\/IMG-20260129-WA0029-500x282.jpg 500w, https:\/\/emasaitabuna.com.br\/new\/wp-content\/uploads\/2026\/01\/IMG-20260129-WA0029-600x339.jpg 600w, https:\/\/emasaitabuna.com.br\/new\/wp-content\/uploads\/2026\/01\/IMG-20260129-WA0029-768x434.jpg 768w, https:\/\/emasaitabuna.com.br\/new\/wp-content\/uploads\/2026\/01\/IMG-20260129-WA0029-800x452.jpg 800w, https:\/\/emasaitabuna.com.br\/new\/wp-content\/uploads\/2026\/01\/IMG-20260129-WA0029-1200x678.jpg 1200w, https:\/\/emasaitabuna.com.br\/new\/wp-content\/uploads\/2026\/01\/IMG-20260129-WA0029.jpg 1427w\" sizes=\"(max-width: 500px) 100vw, 500px\" \/><p id=\"caption-attachment-4265\" class=\"wp-caption-text\">Membros da gest\u00e3o do prefeito Augusto. Castro presentes na posse de Tauan Sampaio, novo presidente da EMASA.<\/p><\/div>\n<p>O prefeito de Itabuna Augusto Castro (PSD), assinou o Decreto de nomea\u00e7\u00e3o e deu posse, oficialmente, ao novo presidente da Empresa Municipal de \u00c1guas e Saneamento (EMASA), engenheiro Tauan Sampaio. O ato ocorreu no Gabinete do Prefeito, no final da tarde desta quinta-feira, dia 29.<\/p>\n<p>Em um r\u00e1pido pronunciamento, Castro agradeceu a colabora\u00e7\u00e3o e os servi\u00e7os prestados pelo ex-presidente Ivan Maia e desejou muito sucesso ao novo presidente.<\/p>\n<p>\u201cAgrade\u00e7o a contribui\u00e7\u00e3o que Ivan Maia deu \u00e0 nossa gest\u00e3o. O novo presidente Tauan Sampaio, que ocupava a Ger\u00eancia de Saneamento da EMASA, conhece a empresa e tem boa rela\u00e7\u00e3o com os colaboradores, Ele ser\u00e1 muito cobrado e desejo todo o sucesso em sua administra\u00e7\u00e3o\u201d, disse o prefeito de Itabuna.<\/p>\n<p>Sampaio agradeceu a confian\u00e7a depositada e assegurou que ir\u00e1 trabalhar aliado com toda a equipe da EMASA e pretendo realizar uma gest\u00e3o voltada \u00e0 melhoria do saneamento da cidade para proporcionar melhor qualidade de vida para todos os itabunenses.<\/p>\n<p>\u201cOs desafios s\u00e3o grandes e com o apoio e empenho de todos que fazem a EMASA, realizaremos um trabalho de excel\u00eancia \u00e0 frente da empresa. Agrade\u00e7o a confian\u00e7a que o prefeito Augusto Castro depositou em nosso nome e n\u00e3o faltar\u00e1 o bom trabalho voltado \u00e0 melhoria do bem-estar da gente de Itabuna\u201d, assegurou Sampaio.<\/p>\n<p>A assinatura do Decreto de nomea\u00e7\u00e3o e posse do novo presidente da EMASA, contou com as presen\u00e7as dos secret\u00e1rios Humberto Mattos (Seguran\u00e7a e Ordem P\u00fablica), Rosivaldo Pinheiro (Educa\u00e7\u00e3o), Ant\u00f4nio Calhau (Gest\u00e3o e Inova\u00e7\u00e3o) e S\u00f4nia Fontes (Infraestrutura e Urbanismo), que tamb\u00e9m preside o Conselho de Administra\u00e7\u00e3o da concession\u00e1ria de saneamento de Itabuna. Al\u00e9m da subsecretaria da Secretaria de Governo, Cleide Oliveira.<\/p>\n<p>&#8212;&#8212;<\/p>\n<p>Assessoria de Comunica\u00e7\u00e3o Social da EMASA.<\/p>\n<p>29\/Janeiro\/2026.<\/p>\n<div id=\"attachment_4267\" style=\"width: 510px\" class=\"wp-caption aligncenter\"><img decoding=\"async\" aria-describedby=\"caption-attachment-4267\" class=\"size-medium wp-image-4267\" src=\"https:\/\/emasaitabuna.com.br\/new\/wp-content\/uploads\/2026\/01\/IMG-20260129-WA0030-500x438.jpg\" alt=\"\" width=\"500\" height=\"438\" srcset=\"https:\/\/emasaitabuna.com.br\/new\/wp-content\/uploads\/2026\/01\/IMG-20260129-WA0030-200x175.jpg 200w, https:\/\/emasaitabuna.com.br\/new\/wp-content\/uploads\/2026\/01\/IMG-20260129-WA0030-300x263.jpg 300w, https:\/\/emasaitabuna.com.br\/new\/wp-content\/uploads\/2026\/01\/IMG-20260129-WA0030-400x351.jpg 400w, https:\/\/emasaitabuna.com.br\/new\/wp-content\/uploads\/2026\/01\/IMG-20260129-WA0030-500x438.jpg 500w, https:\/\/emasaitabuna.com.br\/new\/wp-content\/uploads\/2026\/01\/IMG-20260129-WA0030-600x526.jpg 600w, https:\/\/emasaitabuna.com.br\/new\/wp-content\/uploads\/2026\/01\/IMG-20260129-WA0030-768x673.jpg 768w, https:\/\/emasaitabuna.com.br\/new\/wp-content\/uploads\/2026\/01\/IMG-20260129-WA0030-800x701.jpg 800w, https:\/\/emasaitabuna.com.br\/new\/wp-content\/uploads\/2026\/01\/IMG-20260129-WA0030-1200x1052.jpg 1200w, https:\/\/emasaitabuna.com.br\/new\/wp-content\/uploads\/2026\/01\/IMG-20260129-WA0030-1536x1346.jpg 1536w, https:\/\/emasaitabuna.com.br\/new\/wp-content\/uploads\/2026\/01\/IMG-20260129-WA0030.jpg 1600w\" sizes=\"(max-width: 500px) 100vw, 500px\" \/><p id=\"caption-attachment-4267\" class=\"wp-caption-text\">Prefeito Augusto Castro exibe o decreto de nomea\u00e7\u00e3o de Tauan Sampaio, como presidente da EMASA.<\/p><\/div>\n","protected":false},"excerpt":{"rendered":"<p>O prefeito de Itabuna Augusto Castro (PSD), assinou o Decreto de nomea\u00e7\u00e3o e deu posse, oficialmente, ao novo presidente da [&hellip;]<\/p>\n","protected":false},"author":1,"featured_media":4265,"comment_status":"open","ping_status":"open","sticky":false,"template":"","format":"standard","meta":{"nf_dc_page":"","footnotes":""},"categories":[9],"tags":[],"class_list":["post-4263","post","type-post","status-publish","format-standard","has-post-thumbnail","hentry","category-noticias"],"_links":{"self":[{"href":"https:\/\/emasaitabuna.com.br\/new\/wp-json\/wp\/v2\/posts\/4263","targetHints":{"allow":["GET"]}}],"collection":[{"href":"https:\/\/emasaitabuna.com.br\/new\/wp-json\/wp\/v2\/posts"}],"about":[{"href":"https:\/\/emasaitabuna.com.br\/new\/wp-json\/wp\/v2\/types\/post"}],"author":[{"embeddable":true,"href":"https:\/\/emasaitabuna.com.br\/new\/wp-json\/wp\/v2\/users\/1"}],"replies":[{"embeddable":true,"href":"https:\/\/emasaitabuna.com.br\/new\/wp-json\/wp\/v2\/comments?post=4263"}],"version-history":[{"count":3,"href":"https:\/\/emasaitabuna.com.br\/new\/wp-json\/wp\/v2\/posts\/4263\/revisions"}],"predecessor-version":[{"id":4268,"href":"https:\/\/emasaitabuna.com.br\/new\/wp-json\/wp\/v2\/posts\/4263\/revisions\/4268"}],"wp:featuredmedia":[{"embeddable":true,"href":"https:\/\/emasaitabuna.com.br\/new\/wp-json\/wp\/v2\/media\/4265"}],"wp:attachment":[{"href":"https:\/\/emasaitabuna.com.br\/new\/wp-json\/wp\/v2\/media?parent=4263"}],"wp:term":[{"taxonomy":"category","embeddable":true,"href":"https:\/\/emasaitabuna.com.br\/new\/wp-json\/wp\/v2\/categories?post=4263"},{"taxonomy":"post_tag","embeddable":true,"href":"https:\/\/emasaitabuna.com.br\/new\/wp-json\/wp\/v2\/tags?post=4263"}],"curies":[{"name":"wp","href":"https:\/\/api.w.org\/{rel}","templated":true}]}}