{"id":4295,"date":"2026-02-11T20:26:36","date_gmt":"2026-02-11T23:26:36","guid":{"rendered":"https:\/\/emasaitabuna.com.br\/new\/?p=4295"},"modified":"2026-02-11T20:40:34","modified_gmt":"2026-02-11T23:40:34","slug":"gerente-comercial-da-emasa-registra-queixa-crime-contra-o-furto-de-hidrometros-em-itabuna","status":"publish","type":"post","link":"https:\/\/emasaitabuna.com.br\/new\/gerente-comercial-da-emasa-registra-queixa-crime-contra-o-furto-de-hidrometros-em-itabuna\/","title":{"rendered":"Gerente Comercial da EMASA registra queixa crime contra o furto de hidr\u00f4metros em Itabuna"},"content":{"rendered":"<div id=\"attachment_4297\" style=\"width: 510px\" class=\"wp-caption aligncenter\"><img decoding=\"async\" aria-describedby=\"caption-attachment-4297\" class=\"size-medium wp-image-4297\" src=\"https:\/\/emasaitabuna.com.br\/new\/wp-content\/uploads\/2026\/02\/Screenshot_2026-02-11-20-25-40-522_com.whatsapp-edit-500x370.jpg\" alt=\"\" width=\"500\" height=\"370\" srcset=\"https:\/\/emasaitabuna.com.br\/new\/wp-content\/uploads\/2026\/02\/Screenshot_2026-02-11-20-25-40-522_com.whatsapp-edit-200x148.jpg 200w, https:\/\/emasaitabuna.com.br\/new\/wp-content\/uploads\/2026\/02\/Screenshot_2026-02-11-20-25-40-522_com.whatsapp-edit-300x222.jpg 300w, https:\/\/emasaitabuna.com.br\/new\/wp-content\/uploads\/2026\/02\/Screenshot_2026-02-11-20-25-40-522_com.whatsapp-edit-400x296.jpg 400w, https:\/\/emasaitabuna.com.br\/new\/wp-content\/uploads\/2026\/02\/Screenshot_2026-02-11-20-25-40-522_com.whatsapp-edit-500x370.jpg 500w, https:\/\/emasaitabuna.com.br\/new\/wp-content\/uploads\/2026\/02\/Screenshot_2026-02-11-20-25-40-522_com.whatsapp-edit-600x444.jpg 600w, https:\/\/emasaitabuna.com.br\/new\/wp-content\/uploads\/2026\/02\/Screenshot_2026-02-11-20-25-40-522_com.whatsapp-edit-768x568.jpg 768w, https:\/\/emasaitabuna.com.br\/new\/wp-content\/uploads\/2026\/02\/Screenshot_2026-02-11-20-25-40-522_com.whatsapp-edit-800x592.jpg 800w, https:\/\/emasaitabuna.com.br\/new\/wp-content\/uploads\/2026\/02\/Screenshot_2026-02-11-20-25-40-522_com.whatsapp-edit.jpg 1080w\" sizes=\"(max-width: 500px) 100vw, 500px\" \/><p id=\"caption-attachment-4297\" class=\"wp-caption-text\">O gerente Comercial da EMASA, Mateus Cruz e o advogado Cosme Reis Junior, relataram para o agente investigador da Pol\u00edcia Civil, Marlon Soares, o aumento no furto de hidr\u00f4metros em Itabuna.<\/p><\/div>\n<p>O gerente Comercial da Empresa Municipal de \u00c1guas e Saneamento (EMASA), Mateus Cruz, esteve no Complexo Policial de Itabuna, na tarde desta quarta-feira, dia 11, acompanhado do advogado Cosme Reis J\u00fanior, que integra a Procuradoria Jur\u00eddica da empresa, para registrar Boletim de Ocorr\u00eancia na Delegacia de Repress\u00e3o a Furtos e Roubos, sobre os furtos de hidr\u00f4metros que vem acontecendo em v\u00e1rias parte da cidade.<\/p>\n<p>Desde o in\u00edcio do ano, os furtos de hidr\u00f4metros voltaram a crescer de forma significativa. At\u00e9 a segunda-feira, dia 9, pelo menos 14 clientes haviam procurado a Loja de Atendimento para comunicar a subtra\u00e7\u00e3o do equipamento de medi\u00e7\u00e3o do consumo de \u00e1gua. Entre a noite de ter\u00e7a-feira, dia, 10, e a madrugada de hoje, dia 11, outros nove hidr\u00f4metros foram suprimidos de im\u00f3veis na \u00e1rea central de Itabuna.<\/p>\n<p>\u201cUma ag\u00eancia de cr\u00e9dito na Avenida Jos\u00e9 Soares Pinheiro, que teve o hidr\u00f4metro furtado na noite da ter\u00e7a-feira passada, nos passou imagens das c\u00e2meras de seguran\u00e7a. Acreditamos que seja o mesmo sujeito que atuou em outros pontos da cidade. J\u00e1 repassamos as imagens para a Pol\u00edcia Civil, que vai apurar o caso para chegar ao autor dos furtos e, principalmente, ao receptador, que \u00e9 o principal respons\u00e1vel por esses preju\u00edzos causadas a EMASA e a popula\u00e7\u00e3o\u201d, sup\u00f5e o gerente Comercial da EMASA, Mateus Cruz.<\/p>\n<p>O cliente que tiver o hidr\u00f4metro de sua resid\u00eancia ou estabelecimento comercial furtado, deve registrar Boletim de Ocorr\u00eancia na Pol\u00edcia Civil, presencialmente ou atrav\u00e9s da Internet e, em seguida, comunicar a EMASA na Loja de Atendimento, situada na Rua Adolfo Maron 18, centro, pessoalmente ou atrav\u00e9s do servi\u00e7o de WhatsApp (73) 99912-0044.<\/p>\n<p>Cruz lembra que de acordo com o C\u00f3digo Penal Brasileiro (CPB) o furto e roubo e a recepta\u00e7\u00e3o de hidr\u00f4metro s\u00e3o crimes, com pena de pris\u00e3o de 1 a 4 anos, mais multa.<\/p>\n<p>\u201cEstamos empenhados junto com a Pol\u00edcia Civil e a Guarda Civil Municipal em chegar ao autor ou autores dos furtos e tamb\u00e9m ao comprador desses equipamentos subtra\u00eddos. Como o crime praticado classifica-se como recepta\u00e7\u00e3o qualificada, a pena de reclus\u00e3o \u00e9 de 3 a 8 anos. Mas, com a ajuda das imagens das c\u00e2meras de seguran\u00e7a, vamos chegar em quem est\u00e1 praticando esse crime\u201d, acredita Mateus Cruz.<\/p>\n<p>&#8212;&#8212;<\/p>\n<p>Assessoria de Comunica\u00e7\u00e3o Social da EMASA<\/p>\n<p>11\/fevereiro\/2026.<\/p>\n<p>&nbsp;<\/p>\n<div style=\"width: 848px;\" class=\"wp-video\"><video class=\"wp-video-shortcode\" id=\"video-4295-1\" width=\"848\" height=\"478\" preload=\"metadata\" controls=\"controls\"><source type=\"video\/mp4\" src=\"https:\/\/emasaitabuna.com.br\/new\/wp-content\/uploads\/2026\/02\/VID-20260211-WA0000.mp4?_=1\" \/><a href=\"https:\/\/emasaitabuna.com.br\/new\/wp-content\/uploads\/2026\/02\/VID-20260211-WA0000.mp4\">https:\/\/emasaitabuna.com.br\/new\/wp-content\/uploads\/2026\/02\/VID-20260211-WA0000.mp4<\/a><\/video><\/div>\n<p>&nbsp;<\/p>\n<div style=\"width: 1200px;\" class=\"wp-video\"><video class=\"wp-video-shortcode\" id=\"video-4295-2\" width=\"1200\" height=\"675\" preload=\"metadata\" controls=\"controls\"><source type=\"video\/mp4\" src=\"https:\/\/emasaitabuna.com.br\/new\/wp-content\/uploads\/2026\/02\/VID-20260211-WA0001.mp4?_=2\" \/><a href=\"https:\/\/emasaitabuna.com.br\/new\/wp-content\/uploads\/2026\/02\/VID-20260211-WA0001.mp4\">https:\/\/emasaitabuna.com.br\/new\/wp-content\/uploads\/2026\/02\/VID-20260211-WA0001.mp4<\/a><\/video><\/div>\n","protected":false},"excerpt":{"rendered":"<p>O gerente Comercial da Empresa Municipal de \u00c1guas e Saneamento (EMASA), Mateus Cruz, esteve no Complexo Policial de Itabuna, na [&hellip;]<\/p>\n","protected":false},"author":1,"featured_media":4297,"comment_status":"open","ping_status":"open","sticky":false,"template":"","format":"standard","meta":{"nf_dc_page":"","footnotes":""},"categories":[9],"tags":[],"class_list":["post-4295","post","type-post","status-publish","format-standard","has-post-thumbnail","hentry","category-noticias"],"_links":{"self":[{"href":"https:\/\/emasaitabuna.com.br\/new\/wp-json\/wp\/v2\/posts\/4295","targetHints":{"allow":["GET"]}}],"collection":[{"href":"https:\/\/emasaitabuna.com.br\/new\/wp-json\/wp\/v2\/posts"}],"about":[{"href":"https:\/\/emasaitabuna.com.br\/new\/wp-json\/wp\/v2\/types\/post"}],"author":[{"embeddable":true,"href":"https:\/\/emasaitabuna.com.br\/new\/wp-json\/wp\/v2\/users\/1"}],"replies":[{"embeddable":true,"href":"https:\/\/emasaitabuna.com.br\/new\/wp-json\/wp\/v2\/comments?post=4295"}],"version-history":[{"count":4,"href":"https:\/\/emasaitabuna.com.br\/new\/wp-json\/wp\/v2\/posts\/4295\/revisions"}],"predecessor-version":[{"id":4302,"href":"https:\/\/emasaitabuna.com.br\/new\/wp-json\/wp\/v2\/posts\/4295\/revisions\/4302"}],"wp:featuredmedia":[{"embeddable":true,"href":"https:\/\/emasaitabuna.com.br\/new\/wp-json\/wp\/v2\/media\/4297"}],"wp:attachment":[{"href":"https:\/\/emasaitabuna.com.br\/new\/wp-json\/wp\/v2\/media?parent=4295"}],"wp:term":[{"taxonomy":"category","embeddable":true,"href":"https:\/\/emasaitabuna.com.br\/new\/wp-json\/wp\/v2\/categories?post=4295"},{"taxonomy":"post_tag","embeddable":true,"href":"https:\/\/emasaitabuna.com.br\/new\/wp-json\/wp\/v2\/tags?post=4295"}],"curies":[{"name":"wp","href":"https:\/\/api.w.org\/{rel}","templated":true}]}}