{"id":4318,"date":"2026-02-23T19:12:37","date_gmt":"2026-02-23T22:12:37","guid":{"rendered":"https:\/\/emasaitabuna.com.br\/new\/?p=4318"},"modified":"2026-02-23T19:15:58","modified_gmt":"2026-02-23T22:15:58","slug":"emasa-busca-apoio-do-15o-bpm-para-combater-furtos-de-hidrometros-em-itabuna","status":"publish","type":"post","link":"https:\/\/emasaitabuna.com.br\/new\/emasa-busca-apoio-do-15o-bpm-para-combater-furtos-de-hidrometros-em-itabuna\/","title":{"rendered":"EMASA busca apoio do 15\u00ba BPM para combater furtos de hidr\u00f4metros em Itabuna"},"content":{"rendered":"<div id=\"attachment_4320\" style=\"width: 510px\" class=\"wp-caption aligncenter\"><img decoding=\"async\" aria-describedby=\"caption-attachment-4320\" class=\"size-medium wp-image-4320\" src=\"https:\/\/emasaitabuna.com.br\/new\/wp-content\/uploads\/2026\/02\/IMG-20260223-WA0011-500x375.jpg\" alt=\"Diretoria da EMASA busca apoio no enfrentamento aos furtos de hidr\u00f4metros na cidade\" width=\"500\" height=\"375\" srcset=\"https:\/\/emasaitabuna.com.br\/new\/wp-content\/uploads\/2026\/02\/IMG-20260223-WA0011-200x150.jpg 200w, https:\/\/emasaitabuna.com.br\/new\/wp-content\/uploads\/2026\/02\/IMG-20260223-WA0011-300x225.jpg 300w, https:\/\/emasaitabuna.com.br\/new\/wp-content\/uploads\/2026\/02\/IMG-20260223-WA0011-400x300.jpg 400w, https:\/\/emasaitabuna.com.br\/new\/wp-content\/uploads\/2026\/02\/IMG-20260223-WA0011-500x375.jpg 500w, https:\/\/emasaitabuna.com.br\/new\/wp-content\/uploads\/2026\/02\/IMG-20260223-WA0011-600x450.jpg 600w, https:\/\/emasaitabuna.com.br\/new\/wp-content\/uploads\/2026\/02\/IMG-20260223-WA0011-768x576.jpg 768w, https:\/\/emasaitabuna.com.br\/new\/wp-content\/uploads\/2026\/02\/IMG-20260223-WA0011-800x600.jpg 800w, https:\/\/emasaitabuna.com.br\/new\/wp-content\/uploads\/2026\/02\/IMG-20260223-WA0011-1200x900.jpg 1200w, https:\/\/emasaitabuna.com.br\/new\/wp-content\/uploads\/2026\/02\/IMG-20260223-WA0011-1536x1152.jpg 1536w\" sizes=\"(max-width: 500px) 100vw, 500px\" \/><p id=\"caption-attachment-4320\" class=\"wp-caption-text\">Diretoria da EMASA busca apoio no enfrentamento aos furtos de hidr\u00f4metros na cidade<\/p><\/div>\n<p>A diretoria da Empresa Municipal de \u00c1guas e Saneamento (EMASA) esteve, na tarde desta segunda-feira (23), no 15\u00ba Batalh\u00e3o de Pol\u00edcia Militar (BPM), em Itabuna, para solicitar apoio no enfrentamento aos furtos de hidr\u00f4metros, que voltaram a crescer de forma significativa desde o in\u00edcio do ano. A reuni\u00e3o teve como objetivo fortalecer a parceria institucional e discutir estrat\u00e9gias para coibir os crimes que j\u00e1 somam 104 ocorr\u00eancias registradas at\u00e9 esta data.<\/p>\n<p>Segundo levantamento da equipe comercial da empresa, a maior incid\u00eancia dos furtos est\u00e1 concentrada nas regi\u00f5es do Centro Comercial, Santo Ant\u00f4nio, Pontalzinho e Zildol\u00e2ndia, com registros tamb\u00e9m nos bairros Mangabinha, Calif\u00f3rnia, Jardim Alamar, Jardim Grapi\u00fana, Jardim Primavera, Concei\u00e7\u00e3o, Jorge Amado, Loteamento F\u00e9lix Alves de Souza, Santa In\u00eas e bairro de F\u00e1tima.<\/p>\n<p>O presidente da EMASA, Tauan Sampaio, destacou a preocupa\u00e7\u00e3o com o aumento dos casos e os impactos diretos para a popula\u00e7\u00e3o. \u201cO crescimento dos furtos \u00e9 alarmante e causa preju\u00edzos tanto para a empresa quanto para os moradores, que ficam temporariamente sem abastecimento e ainda precisam arcar com transtornos. A parceria com a Pol\u00edcia Militar \u00e9 fundamental para identificar os respons\u00e1veis e coibir esse tipo de crime\u201d, afirmou.<\/p>\n<p>Durante o encontro, o comandante do 15\u00ba BPM, tenente-coronel Robson Farias, orientou que a EMASA formalize, por meio de of\u00edcio, todos os registros j\u00e1 contabilizados para subsidiar as a\u00e7\u00f5es operacionais. Ele refor\u00e7ou o compromisso da corpora\u00e7\u00e3o com a seguran\u00e7a do munic\u00edpio. \u201cA Pol\u00edcia Militar est\u00e1 \u00e0 disposi\u00e7\u00e3o para contribuir com a seguran\u00e7a da cidade e atuar na elucida\u00e7\u00e3o desses furtos, que al\u00e9m de crime patrimonial, tamb\u00e9m podem ser caracterizados como crime ambiental, considerando os danos causados ao sistema de abastecimento\u201d, declarou.<\/p>\n<p>Al\u00e9m do presidente Tauan Sampaio, participaram da reuni\u00e3o o diretor de Planejamento da EMASA, Jos\u00e9 Silva e Santos; o gerente Comercial, Mateus Cruz; e a assessora da Presid\u00eancia, Josi Alves. Pelo 15\u00ba BPM estiveram presentes o comandante tenente-coronel Robson Farias e o capit\u00e3o da PM e chefe da Coordena\u00e7\u00e3o de Gest\u00e3o Or\u00e7ament\u00e1ria, Financeira e Licita\u00e7\u00e3o (CGOFL), Ezequiel Pereira de Oliveira.<\/p>\n<p>Lembramos que as den\u00fancias sobre furtos e a\u00e7\u00f5es suspeitas devem ser comunicadas, pela popula\u00e7\u00e3o, \u00e0s autoridades policiais atrav\u00e9s do 190. A EMASA tamb\u00e9m disponibiliza os canais de atendimento da empresa para o registro: WhatsApp (73) 99912-0044 e Telefone 0800 0731195.<\/p>\n<p>\u2014&#8212;&#8211;<\/p>\n<p>Assessoria de Comunica\u00e7\u00e3o Social da Emasa.<\/p>\n<p>23\/fevereiro\/2026.<\/p>\n<p><img decoding=\"async\" class=\"aligncenter size-medium wp-image-4322\" src=\"https:\/\/emasaitabuna.com.br\/new\/wp-content\/uploads\/2026\/02\/IMG-20260223-WA0012-500x375.jpg\" alt=\"\" width=\"500\" height=\"375\" srcset=\"https:\/\/emasaitabuna.com.br\/new\/wp-content\/uploads\/2026\/02\/IMG-20260223-WA0012-200x150.jpg 200w, https:\/\/emasaitabuna.com.br\/new\/wp-content\/uploads\/2026\/02\/IMG-20260223-WA0012-300x225.jpg 300w, https:\/\/emasaitabuna.com.br\/new\/wp-content\/uploads\/2026\/02\/IMG-20260223-WA0012-400x300.jpg 400w, https:\/\/emasaitabuna.com.br\/new\/wp-content\/uploads\/2026\/02\/IMG-20260223-WA0012-500x375.jpg 500w, https:\/\/emasaitabuna.com.br\/new\/wp-content\/uploads\/2026\/02\/IMG-20260223-WA0012-600x450.jpg 600w, https:\/\/emasaitabuna.com.br\/new\/wp-content\/uploads\/2026\/02\/IMG-20260223-WA0012-768x576.jpg 768w, https:\/\/emasaitabuna.com.br\/new\/wp-content\/uploads\/2026\/02\/IMG-20260223-WA0012-800x600.jpg 800w, https:\/\/emasaitabuna.com.br\/new\/wp-content\/uploads\/2026\/02\/IMG-20260223-WA0012-1200x900.jpg 1200w, https:\/\/emasaitabuna.com.br\/new\/wp-content\/uploads\/2026\/02\/IMG-20260223-WA0012-1536x1152.jpg 1536w\" sizes=\"(max-width: 500px) 100vw, 500px\" \/><\/p>\n","protected":false},"excerpt":{"rendered":"<p>A diretoria da Empresa Municipal de \u00c1guas e Saneamento (EMASA) esteve, na tarde desta segunda-feira (23), no 15\u00ba Batalh\u00e3o de [&hellip;]<\/p>\n","protected":false},"author":1,"featured_media":4320,"comment_status":"open","ping_status":"open","sticky":false,"template":"","format":"standard","meta":{"nf_dc_page":"","footnotes":""},"categories":[9],"tags":[],"class_list":["post-4318","post","type-post","status-publish","format-standard","has-post-thumbnail","hentry","category-noticias"],"_links":{"self":[{"href":"https:\/\/emasaitabuna.com.br\/new\/wp-json\/wp\/v2\/posts\/4318","targetHints":{"allow":["GET"]}}],"collection":[{"href":"https:\/\/emasaitabuna.com.br\/new\/wp-json\/wp\/v2\/posts"}],"about":[{"href":"https:\/\/emasaitabuna.com.br\/new\/wp-json\/wp\/v2\/types\/post"}],"author":[{"embeddable":true,"href":"https:\/\/emasaitabuna.com.br\/new\/wp-json\/wp\/v2\/users\/1"}],"replies":[{"embeddable":true,"href":"https:\/\/emasaitabuna.com.br\/new\/wp-json\/wp\/v2\/comments?post=4318"}],"version-history":[{"count":3,"href":"https:\/\/emasaitabuna.com.br\/new\/wp-json\/wp\/v2\/posts\/4318\/revisions"}],"predecessor-version":[{"id":4323,"href":"https:\/\/emasaitabuna.com.br\/new\/wp-json\/wp\/v2\/posts\/4318\/revisions\/4323"}],"wp:featuredmedia":[{"embeddable":true,"href":"https:\/\/emasaitabuna.com.br\/new\/wp-json\/wp\/v2\/media\/4320"}],"wp:attachment":[{"href":"https:\/\/emasaitabuna.com.br\/new\/wp-json\/wp\/v2\/media?parent=4318"}],"wp:term":[{"taxonomy":"category","embeddable":true,"href":"https:\/\/emasaitabuna.com.br\/new\/wp-json\/wp\/v2\/categories?post=4318"},{"taxonomy":"post_tag","embeddable":true,"href":"https:\/\/emasaitabuna.com.br\/new\/wp-json\/wp\/v2\/tags?post=4318"}],"curies":[{"name":"wp","href":"https:\/\/api.w.org\/{rel}","templated":true}]}}