{"id":4324,"date":"2026-02-25T17:41:57","date_gmt":"2026-02-25T20:41:57","guid":{"rendered":"https:\/\/emasaitabuna.com.br\/new\/?p=4324"},"modified":"2026-02-26T08:48:24","modified_gmt":"2026-02-26T11:48:24","slug":"emasa-recebe-equipe-da-uesc-para-colaborar-no-plano-de-gestao-e-reducao-de-riscos-em-itabuna","status":"publish","type":"post","link":"https:\/\/emasaitabuna.com.br\/new\/emasa-recebe-equipe-da-uesc-para-colaborar-no-plano-de-gestao-e-reducao-de-riscos-em-itabuna\/","title":{"rendered":"EMASA recebe equipe da UESC para colaborar no Plano de Gest\u00e3o e Redu\u00e7\u00e3o de Riscos em Itabuna"},"content":{"rendered":"<p><img decoding=\"async\" class=\"aligncenter size-medium wp-image-4326\" src=\"https:\/\/emasaitabuna.com.br\/new\/wp-content\/uploads\/2026\/02\/IMG-20260225-WA0014-500x375.jpg\" alt=\"\" width=\"500\" height=\"375\" srcset=\"https:\/\/emasaitabuna.com.br\/new\/wp-content\/uploads\/2026\/02\/IMG-20260225-WA0014-200x150.jpg 200w, https:\/\/emasaitabuna.com.br\/new\/wp-content\/uploads\/2026\/02\/IMG-20260225-WA0014-300x225.jpg 300w, https:\/\/emasaitabuna.com.br\/new\/wp-content\/uploads\/2026\/02\/IMG-20260225-WA0014-400x300.jpg 400w, https:\/\/emasaitabuna.com.br\/new\/wp-content\/uploads\/2026\/02\/IMG-20260225-WA0014-500x375.jpg 500w, https:\/\/emasaitabuna.com.br\/new\/wp-content\/uploads\/2026\/02\/IMG-20260225-WA0014-600x450.jpg 600w, https:\/\/emasaitabuna.com.br\/new\/wp-content\/uploads\/2026\/02\/IMG-20260225-WA0014-768x576.jpg 768w, https:\/\/emasaitabuna.com.br\/new\/wp-content\/uploads\/2026\/02\/IMG-20260225-WA0014-800x600.jpg 800w, https:\/\/emasaitabuna.com.br\/new\/wp-content\/uploads\/2026\/02\/IMG-20260225-WA0014-1200x900.jpg 1200w, https:\/\/emasaitabuna.com.br\/new\/wp-content\/uploads\/2026\/02\/IMG-20260225-WA0014-1536x1152.jpg 1536w\" sizes=\"(max-width: 500px) 100vw, 500px\" \/><\/p>\n<p>A Empresa Municipal de \u00c1guas e Saneamento (EMASA) recebeu, na manh\u00e3 desta ter\u00e7a-feira (24), em Itabuna, pesquisadores da Universidade Estadual de Santa Cruz (UESC) e integrantes do Plano de Gest\u00e3o e Redu\u00e7\u00e3o de Riscos (PMRR), vinculado ao programa federal \u201cPeriferia Sem Risco\u201d, para formalizar parceria institucional e contribuir com dados t\u00e9cnicos que auxiliem na preven\u00e7\u00e3o de desastres socioambientais no munic\u00edpio.<\/p>\n<p>O encontro teve como objetivo alinhar a coopera\u00e7\u00e3o entre a EMASA e a equipe t\u00e9cnica respons\u00e1vel pela execu\u00e7\u00e3o do PMRR, instrumento de planejamento urbano estrat\u00e9gico voltado \u00e0 preven\u00e7\u00e3o e mitiga\u00e7\u00e3o de riscos, com \u00eanfase em processos geol\u00f3gicos e hidrol\u00f3gicos, como deslizamentos, enchentes e enxurradas.<\/p>\n<p>O munic\u00edpio de Itabuna foi inclu\u00eddo, em fevereiro de 2026, no Plano de Gest\u00e3o e Redu\u00e7\u00e3o de Riscos do Governo Federal, dentro do programa \u201cPeriferia Sem Risco\u201d, que prioriza \u00e1reas perif\u00e9ricas vulner\u00e1veis a eventos clim\u00e1ticos extremos, especialmente em per\u00edodos de chuvas intensas. A proposta \u00e9 mapear \u00e1reas cr\u00edticas, identificar fatores de risco e subsidiar pol\u00edticas p\u00fablicas voltadas \u00e0 prote\u00e7\u00e3o da popula\u00e7\u00e3o.<\/p>\n<p>Durante a reuni\u00e3o, a EMASA colocou-se \u00e0 disposi\u00e7\u00e3o para fornecer informa\u00e7\u00f5es relacionadas \u00e0 infraestrutura de saneamento e \u00e0s \u00e1reas atendidas pela empresa, contribuindo para o diagn\u00f3stico e a elabora\u00e7\u00e3o de estrat\u00e9gias preventivas.<\/p>\n<p>Para o presidente da EMASA, Tauan Sampaio, a parceria fortalece a atua\u00e7\u00e3o integrada do munic\u00edpio na gest\u00e3o de riscos. \u201cA EMASA tem papel estrat\u00e9gico na infraestrutura urbana e pode contribuir com informa\u00e7\u00f5es t\u00e9cnicas fundamentais para o planejamento preventivo. Trabalhar de forma integrada com a universidade e com o Governo Federal \u00e9 essencial para reduzir vulnerabilidades e proteger a popula\u00e7\u00e3o, especialmente nas \u00e1reas mais sens\u00edveis da cidade\u201d, destacou.<\/p>\n<p>Participaram do encontro o presidente da EMASA, Tauan Sampaio; o gerente de Saneamento, Ailson Souza; o gerente e coordenador de Planejamento e Expans\u00e3o, \u00c2ngelo Lucena e Mateus Monteiro. Pela UESC estiveram presentes o coordenador geral do PMRR em Itabuna, Cleverson Alves de Lima; o engenheiro civil e analista de risco geol\u00f3gico-geot\u00e9cnico, Daniel Miranda Ramos de Ara\u00fajo; e a engenheira civil e analista de risco hidrol\u00f3gico, Sarah Silva Sousa.<\/p>\n<p><img decoding=\"async\" class=\"aligncenter size-medium wp-image-4330\" src=\"https:\/\/emasaitabuna.com.br\/new\/wp-content\/uploads\/2026\/02\/IMG-20260225-WA0015-500x473.jpg\" alt=\"\" width=\"500\" height=\"473\" srcset=\"https:\/\/emasaitabuna.com.br\/new\/wp-content\/uploads\/2026\/02\/IMG-20260225-WA0015-200x189.jpg 200w, https:\/\/emasaitabuna.com.br\/new\/wp-content\/uploads\/2026\/02\/IMG-20260225-WA0015-300x284.jpg 300w, https:\/\/emasaitabuna.com.br\/new\/wp-content\/uploads\/2026\/02\/IMG-20260225-WA0015-400x378.jpg 400w, https:\/\/emasaitabuna.com.br\/new\/wp-content\/uploads\/2026\/02\/IMG-20260225-WA0015-500x473.jpg 500w, https:\/\/emasaitabuna.com.br\/new\/wp-content\/uploads\/2026\/02\/IMG-20260225-WA0015-600x567.jpg 600w, https:\/\/emasaitabuna.com.br\/new\/wp-content\/uploads\/2026\/02\/IMG-20260225-WA0015-768x726.jpg 768w, https:\/\/emasaitabuna.com.br\/new\/wp-content\/uploads\/2026\/02\/IMG-20260225-WA0015-800x756.jpg 800w, https:\/\/emasaitabuna.com.br\/new\/wp-content\/uploads\/2026\/02\/IMG-20260225-WA0015-1200x1134.jpg 1200w, https:\/\/emasaitabuna.com.br\/new\/wp-content\/uploads\/2026\/02\/IMG-20260225-WA0015-1536x1452.jpg 1536w, https:\/\/emasaitabuna.com.br\/new\/wp-content\/uploads\/2026\/02\/IMG-20260225-WA0015.jpg 1600w\" sizes=\"(max-width: 500px) 100vw, 500px\" \/><\/p>\n<p>Assessoria de Comunica\u00e7\u00e3o Social da Emasa.<\/p>\n<p>25\/fevereiro\/2026.<\/p>\n","protected":false},"excerpt":{"rendered":"<p>A Empresa Municipal de \u00c1guas e Saneamento (EMASA) recebeu, na manh\u00e3 desta ter\u00e7a-feira (24), em Itabuna, pesquisadores da Universidade Estadual [&hellip;]<\/p>\n","protected":false},"author":1,"featured_media":4328,"comment_status":"open","ping_status":"open","sticky":false,"template":"","format":"standard","meta":{"nf_dc_page":"","footnotes":""},"categories":[9],"tags":[],"class_list":["post-4324","post","type-post","status-publish","format-standard","has-post-thumbnail","hentry","category-noticias"],"_links":{"self":[{"href":"https:\/\/emasaitabuna.com.br\/new\/wp-json\/wp\/v2\/posts\/4324","targetHints":{"allow":["GET"]}}],"collection":[{"href":"https:\/\/emasaitabuna.com.br\/new\/wp-json\/wp\/v2\/posts"}],"about":[{"href":"https:\/\/emasaitabuna.com.br\/new\/wp-json\/wp\/v2\/types\/post"}],"author":[{"embeddable":true,"href":"https:\/\/emasaitabuna.com.br\/new\/wp-json\/wp\/v2\/users\/1"}],"replies":[{"embeddable":true,"href":"https:\/\/emasaitabuna.com.br\/new\/wp-json\/wp\/v2\/comments?post=4324"}],"version-history":[{"count":4,"href":"https:\/\/emasaitabuna.com.br\/new\/wp-json\/wp\/v2\/posts\/4324\/revisions"}],"predecessor-version":[{"id":4331,"href":"https:\/\/emasaitabuna.com.br\/new\/wp-json\/wp\/v2\/posts\/4324\/revisions\/4331"}],"wp:featuredmedia":[{"embeddable":true,"href":"https:\/\/emasaitabuna.com.br\/new\/wp-json\/wp\/v2\/media\/4328"}],"wp:attachment":[{"href":"https:\/\/emasaitabuna.com.br\/new\/wp-json\/wp\/v2\/media?parent=4324"}],"wp:term":[{"taxonomy":"category","embeddable":true,"href":"https:\/\/emasaitabuna.com.br\/new\/wp-json\/wp\/v2\/categories?post=4324"},{"taxonomy":"post_tag","embeddable":true,"href":"https:\/\/emasaitabuna.com.br\/new\/wp-json\/wp\/v2\/tags?post=4324"}],"curies":[{"name":"wp","href":"https:\/\/api.w.org\/{rel}","templated":true}]}}