{"id":4344,"date":"2026-03-02T08:17:55","date_gmt":"2026-03-02T11:17:55","guid":{"rendered":"https:\/\/emasaitabuna.com.br\/new\/?p=4344"},"modified":"2026-03-02T08:17:55","modified_gmt":"2026-03-02T11:17:55","slug":"falta-de-energia-por-mais-de-14-horas-em-rio-do-braco-paralisa-a-producao-e-distribuicao-de-agua-tratada-em-itabuna","status":"publish","type":"post","link":"https:\/\/emasaitabuna.com.br\/new\/falta-de-energia-por-mais-de-14-horas-em-rio-do-braco-paralisa-a-producao-e-distribuicao-de-agua-tratada-em-itabuna\/","title":{"rendered":"Falta de energia por mais de 14 horas em Rio do Bra\u00e7o paralisa a produ\u00e7\u00e3o e distribui\u00e7\u00e3o de \u00e1gua tratada em Itabuna"},"content":{"rendered":"<p>&nbsp;<\/p>\n<div id=\"attachment_4345\" style=\"width: 510px\" class=\"wp-caption aligncenter\"><img decoding=\"async\" aria-describedby=\"caption-attachment-4345\" class=\"size-medium wp-image-4345\" src=\"https:\/\/emasaitabuna.com.br\/new\/wp-content\/uploads\/2026\/03\/A-falta-de-energia-eletrica-na-Estacao-de-Captacao-de-Agua-Bruta-da-EMASA-ira-prejudicar-o-abastecimento-em-Itabuna-500x281.jpeg\" alt=\"\" width=\"500\" height=\"281\" srcset=\"https:\/\/emasaitabuna.com.br\/new\/wp-content\/uploads\/2026\/03\/A-falta-de-energia-eletrica-na-Estacao-de-Captacao-de-Agua-Bruta-da-EMASA-ira-prejudicar-o-abastecimento-em-Itabuna-200x112.jpeg 200w, https:\/\/emasaitabuna.com.br\/new\/wp-content\/uploads\/2026\/03\/A-falta-de-energia-eletrica-na-Estacao-de-Captacao-de-Agua-Bruta-da-EMASA-ira-prejudicar-o-abastecimento-em-Itabuna-300x168.jpeg 300w, https:\/\/emasaitabuna.com.br\/new\/wp-content\/uploads\/2026\/03\/A-falta-de-energia-eletrica-na-Estacao-de-Captacao-de-Agua-Bruta-da-EMASA-ira-prejudicar-o-abastecimento-em-Itabuna-400x225.jpeg 400w, https:\/\/emasaitabuna.com.br\/new\/wp-content\/uploads\/2026\/03\/A-falta-de-energia-eletrica-na-Estacao-de-Captacao-de-Agua-Bruta-da-EMASA-ira-prejudicar-o-abastecimento-em-Itabuna-500x281.jpeg 500w, https:\/\/emasaitabuna.com.br\/new\/wp-content\/uploads\/2026\/03\/A-falta-de-energia-eletrica-na-Estacao-de-Captacao-de-Agua-Bruta-da-EMASA-ira-prejudicar-o-abastecimento-em-Itabuna-600x337.jpeg 600w, https:\/\/emasaitabuna.com.br\/new\/wp-content\/uploads\/2026\/03\/A-falta-de-energia-eletrica-na-Estacao-de-Captacao-de-Agua-Bruta-da-EMASA-ira-prejudicar-o-abastecimento-em-Itabuna-768x431.jpeg 768w, https:\/\/emasaitabuna.com.br\/new\/wp-content\/uploads\/2026\/03\/A-falta-de-energia-eletrica-na-Estacao-de-Captacao-de-Agua-Bruta-da-EMASA-ira-prejudicar-o-abastecimento-em-Itabuna-800x449.jpeg 800w, https:\/\/emasaitabuna.com.br\/new\/wp-content\/uploads\/2026\/03\/A-falta-de-energia-eletrica-na-Estacao-de-Captacao-de-Agua-Bruta-da-EMASA-ira-prejudicar-o-abastecimento-em-Itabuna.jpeg 1024w\" sizes=\"(max-width: 500px) 100vw, 500px\" \/><p id=\"caption-attachment-4345\" class=\"wp-caption-text\">A falta de energia el\u00e9trica na Esta\u00e7\u00e3o de Capta\u00e7\u00e3o de \u00c1gua Bruta da EMASA, ir\u00e1 prejudicar o abastecimento em Itabuna. (Foto: SECOM\/PMI).<\/p><\/div>\n<p>A Esta\u00e7\u00e3o de Capta\u00e7\u00e3o de \u00c1gua Bruta, da Empresa Municipal de \u00c1guas e Saneamento (EMASA), localizada no povoado de Rio do Bra\u00e7o, distrito de Banco do Pedro, em Ilh\u00e9us, ficou com suas opera\u00e7\u00f5es paralisadas por mais de 14 horas, entre \u00e0s 14:40 de domingo, dia 1\u00ba e \u00e0s 4:30 da manh\u00e3, desta segunda-feira, dia 2, em decorr\u00eancia da interrup\u00e7\u00e3o no fornecimento de energia el\u00e9trica por parte da Neoenergia Coelba.<\/p>\n<p>\u201cCada hora de falta de energia nas esta\u00e7\u00f5es, causa atrasos no sistema de abastecimento de at\u00e9 quatro horas. O que termina gerando um efeito cascata, prejudicando todo cronograma no fornecimento de \u00e1gua\u201d, explica o gerente de Abastecimento da EMASA, Roberto Alves.<\/p>\n<p>Quando ocorreu a suspens\u00e3o no abastecimento da energia na esta\u00e7\u00e3o de Rio do Bra\u00e7o, nas primeiras horas da tarde de domingo, a Coelba foi comunicada. A paralisa\u00e7\u00e3o das opera\u00e7\u00f5es na capta\u00e7\u00e3o, obrigou a EMASA a interromper as atividades na Esta\u00e7\u00e3o de Tratamento de \u00c1gua (ETA), parando a produ\u00e7\u00e3o e distribui\u00e7\u00e3o de \u00e1gua tratada em Itabuna.<\/p>\n<p>Roberto Alves pede a compreens\u00e3o e colabora\u00e7\u00e3o da popula\u00e7\u00e3o para evitar o desperd\u00edcio e assegura que ir\u00e1 centrar esfor\u00e7os para minimizar os efeitos provocados na Esta\u00e7\u00e3o de Capta\u00e7\u00e3o de \u00c1gua Bruta pela falta de energia.<\/p>\n<p>\u201cSeguiremos trabalhando para minimizar ao m\u00e1ximo os impactos \u00e0 popula\u00e7\u00e3o e restabelecer a normalidade do abastecimento. \u00c9 importante que a comunidade compreenda o problema e colabore fazendo uso racional da \u00e1gua\u201d, apela Alves.<\/p>\n<p>Al\u00e9m do povoado de Rio do Bra\u00e7o, em Ilh\u00e9us, as cidades de Almadina e Coaraci tamb\u00e9m tiveram o fornecimento de energia el\u00e9trica paralisado por longo per\u00edodo. A Neoenergia Coelba n\u00e3o informou os motivos da paralisa\u00e7\u00e3o.<br \/>\n&#8212;&#8211;<br \/>\nAssessoria de Comunica\u00e7\u00e3o Social da EMASA<br \/>\n02\/fevereiro\/2026<\/p>\n","protected":false},"excerpt":{"rendered":"<p>&nbsp; A Esta\u00e7\u00e3o de Capta\u00e7\u00e3o de \u00c1gua Bruta, da Empresa Municipal de \u00c1guas e Saneamento (EMASA), localizada no povoado de [&hellip;]<\/p>\n","protected":false},"author":1,"featured_media":4345,"comment_status":"open","ping_status":"open","sticky":false,"template":"","format":"standard","meta":{"nf_dc_page":"","footnotes":""},"categories":[9],"tags":[],"class_list":["post-4344","post","type-post","status-publish","format-standard","has-post-thumbnail","hentry","category-noticias"],"_links":{"self":[{"href":"https:\/\/emasaitabuna.com.br\/new\/wp-json\/wp\/v2\/posts\/4344","targetHints":{"allow":["GET"]}}],"collection":[{"href":"https:\/\/emasaitabuna.com.br\/new\/wp-json\/wp\/v2\/posts"}],"about":[{"href":"https:\/\/emasaitabuna.com.br\/new\/wp-json\/wp\/v2\/types\/post"}],"author":[{"embeddable":true,"href":"https:\/\/emasaitabuna.com.br\/new\/wp-json\/wp\/v2\/users\/1"}],"replies":[{"embeddable":true,"href":"https:\/\/emasaitabuna.com.br\/new\/wp-json\/wp\/v2\/comments?post=4344"}],"version-history":[{"count":1,"href":"https:\/\/emasaitabuna.com.br\/new\/wp-json\/wp\/v2\/posts\/4344\/revisions"}],"predecessor-version":[{"id":4346,"href":"https:\/\/emasaitabuna.com.br\/new\/wp-json\/wp\/v2\/posts\/4344\/revisions\/4346"}],"wp:featuredmedia":[{"embeddable":true,"href":"https:\/\/emasaitabuna.com.br\/new\/wp-json\/wp\/v2\/media\/4345"}],"wp:attachment":[{"href":"https:\/\/emasaitabuna.com.br\/new\/wp-json\/wp\/v2\/media?parent=4344"}],"wp:term":[{"taxonomy":"category","embeddable":true,"href":"https:\/\/emasaitabuna.com.br\/new\/wp-json\/wp\/v2\/categories?post=4344"},{"taxonomy":"post_tag","embeddable":true,"href":"https:\/\/emasaitabuna.com.br\/new\/wp-json\/wp\/v2\/tags?post=4344"}],"curies":[{"name":"wp","href":"https:\/\/api.w.org\/{rel}","templated":true}]}}