{"id":4347,"date":"2026-03-02T11:11:46","date_gmt":"2026-03-02T14:11:46","guid":{"rendered":"https:\/\/emasaitabuna.com.br\/new\/?p=4347"},"modified":"2026-03-02T11:11:46","modified_gmt":"2026-03-02T14:11:46","slug":"cameras-de-seguranca-captam-imagem-do-rosto-de-suspeito-de-furtar-hidrometros-em-itabuna","status":"publish","type":"post","link":"https:\/\/emasaitabuna.com.br\/new\/cameras-de-seguranca-captam-imagem-do-rosto-de-suspeito-de-furtar-hidrometros-em-itabuna\/","title":{"rendered":"C\u00e2meras de seguran\u00e7a captam imagem do rosto de suspeito de furtar hidr\u00f4metros em Itabuna"},"content":{"rendered":"<p>Na madrugada de s\u00e1bado passado, dia 28, c\u00e2meras de seguran\u00e7a captaram imagens de um suposto autor de furtos de<\/p>\n<div id=\"attachment_4348\" style=\"width: 401px\" class=\"wp-caption alignright\"><img decoding=\"async\" aria-describedby=\"caption-attachment-4348\" class=\"size-full wp-image-4348\" src=\"https:\/\/emasaitabuna.com.br\/new\/wp-content\/uploads\/2026\/03\/Cameras-de-seguranca-captam-imagem-do-rosto-de-suspeito-de-furtar-hidrometros-em-Itabuna.jpeg\" alt=\"\" width=\"391\" height=\"473\" srcset=\"https:\/\/emasaitabuna.com.br\/new\/wp-content\/uploads\/2026\/03\/Cameras-de-seguranca-captam-imagem-do-rosto-de-suspeito-de-furtar-hidrometros-em-Itabuna-200x242.jpeg 200w, https:\/\/emasaitabuna.com.br\/new\/wp-content\/uploads\/2026\/03\/Cameras-de-seguranca-captam-imagem-do-rosto-de-suspeito-de-furtar-hidrometros-em-Itabuna-248x300.jpeg 248w, https:\/\/emasaitabuna.com.br\/new\/wp-content\/uploads\/2026\/03\/Cameras-de-seguranca-captam-imagem-do-rosto-de-suspeito-de-furtar-hidrometros-em-Itabuna.jpeg 391w\" sizes=\"(max-width: 391px) 100vw, 391px\" \/><p id=\"caption-attachment-4348\" class=\"wp-caption-text\">C\u00e2meras de seguran\u00e7a captam imagem do rosto de suspeito de furtar hidr\u00f4metros em Itabuna<\/p><\/div>\n<p>hidr\u00f4metros em v\u00e1rias localidades de Itabuna. O fato ocorreu na 1\u00aa Travessa Jos\u00e9 Coelho, no bairro Santo Ant\u00f4nio.<\/p>\n<p>Desta vez, as c\u00e2meras conseguiram captar imagens do rosto do suspeito o que ajudar\u00e3o as for\u00e7as de seguran\u00e7a a identificar e prender um dos autores de uma s\u00e9rie de furtos de hidr\u00f4metros que vem ocorrendo na cidade.<\/p>\n<p>De acordo com o gerente Comercial da Empresa Municipal de \u00c1guas e Saneamento (EMASA), Mateus Cruz, at\u00e9 sexta-feira, dia 27, haviam sido contabilizados 130 furtos de hidr\u00f4metros em toda a cidade.<\/p>\n<p>\u201cCom o apoio das pol\u00edcias Civil e Militar e tamb\u00e9m da Guarda Civil Municipal, acredito que chegaremos aos autores dos furtos e, principalmente aos receptadores, que s\u00e3o os maiores respons\u00e1veis por essa onda de vandalismo. Sem totalizar os furtos deste \u00faltimo final de semana, j\u00e1 chega a 130 os furtos de hidr\u00f4metros desde janeiro\u201d, afirma Cruz.<\/p>\n<p>Al\u00e9m do preju\u00edzo com a subtra\u00e7\u00e3o do aparelho, que mede o consumo de \u00e1gua, ao custo de R$ 128,00 por equipamento, h\u00e1 tamb\u00e9m o desperd\u00edcio de \u00e1gua, \u00e0s vezes, em alguns casos por longo per\u00edodo.<\/p>\n<p>O furto de hidr\u00f4metros \u00e9 motivado pela venda da carca\u00e7a do equipamento para ferros-velhos, onde s\u00e3o extra\u00eddos materiais como ferro e cobre de elevado valor comercial.<\/p>\n<div style=\"width: 848px;\" class=\"wp-video\"><video class=\"wp-video-shortcode\" id=\"video-4347-1\" width=\"848\" height=\"492\" preload=\"metadata\" controls=\"controls\"><source type=\"video\/mp4\" src=\"https:\/\/emasaitabuna.com.br\/new\/wp-content\/uploads\/2026\/03\/01.mp4?_=1\" \/><a href=\"https:\/\/emasaitabuna.com.br\/new\/wp-content\/uploads\/2026\/03\/01.mp4\">https:\/\/emasaitabuna.com.br\/new\/wp-content\/uploads\/2026\/03\/01.mp4<\/a><\/video><\/div>\n<p>As den\u00fancias sobre furtos e a\u00e7\u00f5es suspeitas devem ser comunicadas \u00e0s autoridades policiais pela popula\u00e7\u00e3o atrav\u00e9s do 190. A EMASA tamb\u00e9m disponibiliza canais de atendimento para o registro: WhatsApp (73) 99912-0044 e do 0800 0731195.<br \/>\n&#8212;&#8212;&#8211;<br \/>\nAssessoria de Comunica\u00e7\u00e3o Social da EMASA<br \/>\n02\/mar\u00e7o\/2026.<\/p>\n<p>&nbsp;<\/p>\n","protected":false},"excerpt":{"rendered":"<p>Na madrugada de s\u00e1bado passado, dia 28, c\u00e2meras de seguran\u00e7a captaram imagens de um suposto autor de furtos de hidr\u00f4metros [&hellip;]<\/p>\n","protected":false},"author":1,"featured_media":4348,"comment_status":"open","ping_status":"open","sticky":false,"template":"","format":"standard","meta":{"nf_dc_page":"","footnotes":""},"categories":[9],"tags":[],"class_list":["post-4347","post","type-post","status-publish","format-standard","has-post-thumbnail","hentry","category-noticias"],"_links":{"self":[{"href":"https:\/\/emasaitabuna.com.br\/new\/wp-json\/wp\/v2\/posts\/4347","targetHints":{"allow":["GET"]}}],"collection":[{"href":"https:\/\/emasaitabuna.com.br\/new\/wp-json\/wp\/v2\/posts"}],"about":[{"href":"https:\/\/emasaitabuna.com.br\/new\/wp-json\/wp\/v2\/types\/post"}],"author":[{"embeddable":true,"href":"https:\/\/emasaitabuna.com.br\/new\/wp-json\/wp\/v2\/users\/1"}],"replies":[{"embeddable":true,"href":"https:\/\/emasaitabuna.com.br\/new\/wp-json\/wp\/v2\/comments?post=4347"}],"version-history":[{"count":1,"href":"https:\/\/emasaitabuna.com.br\/new\/wp-json\/wp\/v2\/posts\/4347\/revisions"}],"predecessor-version":[{"id":4350,"href":"https:\/\/emasaitabuna.com.br\/new\/wp-json\/wp\/v2\/posts\/4347\/revisions\/4350"}],"wp:featuredmedia":[{"embeddable":true,"href":"https:\/\/emasaitabuna.com.br\/new\/wp-json\/wp\/v2\/media\/4348"}],"wp:attachment":[{"href":"https:\/\/emasaitabuna.com.br\/new\/wp-json\/wp\/v2\/media?parent=4347"}],"wp:term":[{"taxonomy":"category","embeddable":true,"href":"https:\/\/emasaitabuna.com.br\/new\/wp-json\/wp\/v2\/categories?post=4347"},{"taxonomy":"post_tag","embeddable":true,"href":"https:\/\/emasaitabuna.com.br\/new\/wp-json\/wp\/v2\/tags?post=4347"}],"curies":[{"name":"wp","href":"https:\/\/api.w.org\/{rel}","templated":true}]}}