{"id":4357,"date":"2026-03-05T12:17:45","date_gmt":"2026-03-05T15:17:45","guid":{"rendered":"https:\/\/emasaitabuna.com.br\/new\/?p=4357"},"modified":"2026-03-05T12:21:45","modified_gmt":"2026-03-05T15:21:45","slug":"abastecimento-de-agua-avanca-e-emasa-atualiza-bairros-atendidos-nesta-quinta-feira-5-em-itabuna","status":"publish","type":"post","link":"https:\/\/emasaitabuna.com.br\/new\/abastecimento-de-agua-avanca-e-emasa-atualiza-bairros-atendidos-nesta-quinta-feira-5-em-itabuna\/","title":{"rendered":"Abastecimento de \u00e1gua avan\u00e7a e EMASA atualiza bairros atendidos nesta quinta-feira (5) em Itabuna"},"content":{"rendered":"<div id=\"attachment_4359\" style=\"width: 510px\" class=\"wp-caption aligncenter\"><img decoding=\"async\" aria-describedby=\"caption-attachment-4359\" class=\"size-medium wp-image-4359\" src=\"https:\/\/emasaitabuna.com.br\/new\/wp-content\/uploads\/2026\/03\/IMG-20260305-WA0003-500x281.jpg\" alt=\"\" width=\"500\" height=\"281\" srcset=\"https:\/\/emasaitabuna.com.br\/new\/wp-content\/uploads\/2026\/03\/IMG-20260305-WA0003-200x113.jpg 200w, https:\/\/emasaitabuna.com.br\/new\/wp-content\/uploads\/2026\/03\/IMG-20260305-WA0003-300x169.jpg 300w, https:\/\/emasaitabuna.com.br\/new\/wp-content\/uploads\/2026\/03\/IMG-20260305-WA0003-400x225.jpg 400w, https:\/\/emasaitabuna.com.br\/new\/wp-content\/uploads\/2026\/03\/IMG-20260305-WA0003-500x281.jpg 500w, https:\/\/emasaitabuna.com.br\/new\/wp-content\/uploads\/2026\/03\/IMG-20260305-WA0003-600x338.jpg 600w, https:\/\/emasaitabuna.com.br\/new\/wp-content\/uploads\/2026\/03\/IMG-20260305-WA0003-768x432.jpg 768w, https:\/\/emasaitabuna.com.br\/new\/wp-content\/uploads\/2026\/03\/IMG-20260305-WA0003-800x450.jpg 800w, https:\/\/emasaitabuna.com.br\/new\/wp-content\/uploads\/2026\/03\/IMG-20260305-WA0003-1200x675.jpg 1200w, https:\/\/emasaitabuna.com.br\/new\/wp-content\/uploads\/2026\/03\/IMG-20260305-WA0003-1536x864.jpg 1536w, https:\/\/emasaitabuna.com.br\/new\/wp-content\/uploads\/2026\/03\/IMG-20260305-WA0003.jpg 1600w\" sizes=\"(max-width: 500px) 100vw, 500px\" \/><p id=\"caption-attachment-4359\" class=\"wp-caption-text\">Esta\u00e7\u00e3o de Tratamento de \u00c1gua (ETA) da EMASA, est\u00e1 operando para normalizar o abastecimento de \u00e1gua.<\/p><\/div>\n<p>A Empresa Municipal de \u00c1guas e Saneamento (EMASA) segue trabalhando para normalizar o abastecimento de \u00e1gua em Itabuna, ap\u00f3s a paralisa\u00e7\u00e3o de mais de 20 horas no fornecimento de energia el\u00e9trica na Esta\u00e7\u00e3o de Capta\u00e7\u00e3o de \u00c1gua Bruta, localizada no povoado de Rio do Bra\u00e7o, em Ilh\u00e9us, ocorrida nos \u00faltimos dias.<\/p>\n<p>Com a retomada gradual da produ\u00e7\u00e3o e distribui\u00e7\u00e3o de \u00e1gua, a empresa mant\u00e9m o cronograma de atendimento por etapas em diversos bairros da cidade.<\/p>\n<p>Nesta quinta-feira, dia 5, est\u00e3o em abastecimento os bairros da Zona Leste: Concei\u00e7\u00e3o, S\u00e3o Judas Tadeu, S\u00e3o Pedro (parte baixa), Vila Zara (parte alta) e Largo dos Eucaliptos. Zona Central: Pontalzinho (parte baixa), Cast\u00e1lia (parte baixa) e Alto Mirante. Zona Oeste: Condom\u00ednio Itapoan, Jorge Amado (parte baixa) e Nova Itabuna (parte alta).<\/p>\n<p>Pelo reservat\u00f3rio instalado no Novo Ja\u00e7an\u00e3, do Projeto Mais \u00c1gua, seguem sendo atendidos os bairros S\u00e3o Caetano, Novo S\u00e3o Caetano, N\u00facleo Habitacional da CEPLAC, Gog\u00f3 da Ema, Jardim Primavera, Ja\u00e7an\u00e3, Novo Ja\u00e7an\u00e3 (1\u00aa etapa), Vila An\u00e1lia, Novo Vila An\u00e1lia e Pedro Jer\u00f4nimo (parte baixa).<\/p>\n<p>J\u00e1 o reservat\u00f3rio do Projeto Mais \u00c1gua instalado no Novo Lomanto continua garantindo o fornecimento para os bairros Lomanto, Santa Catarina, Odilon e parte do Centro da cidade.<\/p>\n<p>A normaliza\u00e7\u00e3o do sistema ocorre de forma gradual, assim, \u00e9 necess\u00e1rio a compreens\u00e3o da popula\u00e7\u00e3o enquanto as equipes seguem trabalhando para restabelecer completamente o abastecimento em toda a cidade.<\/p>\n<p>Assessoria de Comunica\u00e7\u00e3o Social da EMASA<\/p>\n<p>05\/mar\u00e7o\/2026.<\/p>\n","protected":false},"excerpt":{"rendered":"<p>A Empresa Municipal de \u00c1guas e Saneamento (EMASA) segue trabalhando para normalizar o abastecimento de \u00e1gua em Itabuna, ap\u00f3s a [&hellip;]<\/p>\n","protected":false},"author":1,"featured_media":4359,"comment_status":"open","ping_status":"open","sticky":false,"template":"","format":"standard","meta":{"nf_dc_page":"","footnotes":""},"categories":[9],"tags":[],"class_list":["post-4357","post","type-post","status-publish","format-standard","has-post-thumbnail","hentry","category-noticias"],"_links":{"self":[{"href":"https:\/\/emasaitabuna.com.br\/new\/wp-json\/wp\/v2\/posts\/4357","targetHints":{"allow":["GET"]}}],"collection":[{"href":"https:\/\/emasaitabuna.com.br\/new\/wp-json\/wp\/v2\/posts"}],"about":[{"href":"https:\/\/emasaitabuna.com.br\/new\/wp-json\/wp\/v2\/types\/post"}],"author":[{"embeddable":true,"href":"https:\/\/emasaitabuna.com.br\/new\/wp-json\/wp\/v2\/users\/1"}],"replies":[{"embeddable":true,"href":"https:\/\/emasaitabuna.com.br\/new\/wp-json\/wp\/v2\/comments?post=4357"}],"version-history":[{"count":2,"href":"https:\/\/emasaitabuna.com.br\/new\/wp-json\/wp\/v2\/posts\/4357\/revisions"}],"predecessor-version":[{"id":4360,"href":"https:\/\/emasaitabuna.com.br\/new\/wp-json\/wp\/v2\/posts\/4357\/revisions\/4360"}],"wp:featuredmedia":[{"embeddable":true,"href":"https:\/\/emasaitabuna.com.br\/new\/wp-json\/wp\/v2\/media\/4359"}],"wp:attachment":[{"href":"https:\/\/emasaitabuna.com.br\/new\/wp-json\/wp\/v2\/media?parent=4357"}],"wp:term":[{"taxonomy":"category","embeddable":true,"href":"https:\/\/emasaitabuna.com.br\/new\/wp-json\/wp\/v2\/categories?post=4357"},{"taxonomy":"post_tag","embeddable":true,"href":"https:\/\/emasaitabuna.com.br\/new\/wp-json\/wp\/v2\/tags?post=4357"}],"curies":[{"name":"wp","href":"https:\/\/api.w.org\/{rel}","templated":true}]}}