{"id":4392,"date":"2026-03-10T18:53:27","date_gmt":"2026-03-10T21:53:27","guid":{"rendered":"https:\/\/emasaitabuna.com.br\/new\/?p=4392"},"modified":"2026-03-10T18:54:09","modified_gmt":"2026-03-10T21:54:09","slug":"emasa-visita-uesc-e-reforca-dialogo-institucional-para-futuras-parceria","status":"publish","type":"post","link":"https:\/\/emasaitabuna.com.br\/new\/emasa-visita-uesc-e-reforca-dialogo-institucional-para-futuras-parceria\/","title":{"rendered":"EMASA visita UESC e refor\u00e7a di\u00e1logo institucional para futuras parcerias"},"content":{"rendered":"<p><img decoding=\"async\" class=\"aligncenter size-medium wp-image-4394\" src=\"https:\/\/emasaitabuna.com.br\/new\/wp-content\/uploads\/2026\/03\/IMG-20260310-WA0014-500x396.jpg\" alt=\"\" width=\"500\" height=\"396\" srcset=\"https:\/\/emasaitabuna.com.br\/new\/wp-content\/uploads\/2026\/03\/IMG-20260310-WA0014-200x158.jpg 200w, https:\/\/emasaitabuna.com.br\/new\/wp-content\/uploads\/2026\/03\/IMG-20260310-WA0014-300x237.jpg 300w, https:\/\/emasaitabuna.com.br\/new\/wp-content\/uploads\/2026\/03\/IMG-20260310-WA0014-400x317.jpg 400w, https:\/\/emasaitabuna.com.br\/new\/wp-content\/uploads\/2026\/03\/IMG-20260310-WA0014-500x396.jpg 500w, https:\/\/emasaitabuna.com.br\/new\/wp-content\/uploads\/2026\/03\/IMG-20260310-WA0014-600x475.jpg 600w, https:\/\/emasaitabuna.com.br\/new\/wp-content\/uploads\/2026\/03\/IMG-20260310-WA0014-768x608.jpg 768w, https:\/\/emasaitabuna.com.br\/new\/wp-content\/uploads\/2026\/03\/IMG-20260310-WA0014-800x633.jpg 800w, https:\/\/emasaitabuna.com.br\/new\/wp-content\/uploads\/2026\/03\/IMG-20260310-WA0014-1200x950.jpg 1200w, https:\/\/emasaitabuna.com.br\/new\/wp-content\/uploads\/2026\/03\/IMG-20260310-WA0014-1536x1215.jpg 1536w, https:\/\/emasaitabuna.com.br\/new\/wp-content\/uploads\/2026\/03\/IMG-20260310-WA0014.jpg 1600w\" sizes=\"(max-width: 500px) 100vw, 500px\" \/><\/p>\n<p>Representantes da Empresa Municipal de \u00c1guas e Saneamento (EMASA) estiveram, na manh\u00e3 desta ter\u00e7a-feira (10), na Reitoria da Universidade Estadual de Santa Cruz (UESC), em Ilh\u00e9us, para uma visita institucional com o objetivo de fortalecer o di\u00e1logo entre as duas institui\u00e7\u00f5es e ampliar as possibilidades de coopera\u00e7\u00e3o t\u00e9cnica e acad\u00eamica em benef\u00edcio da popula\u00e7\u00e3o de Itabuna.<\/p>\n<p>A comitiva da EMASA foi liderada pelo presidente Tauan Sampaio, acompanhado do diretor de expans\u00e3o e opera\u00e7\u00e3o Fernando Duarte, do assessor t\u00e9cnico Agnaldo Ferreira e da assessora da presid\u00eancia Josi Alves. O grupo foi recebido pelo reitor da universidade, Alessandro Fernandes, e pela chefe de gabinete e professora Ac\u00e1cia Pinho.<\/p>\n<p>Durante o encontro, foram discutidas possibilidades de aproxima\u00e7\u00e3o entre a empresa p\u00fablica e a universidade, com foco no desenvolvimento de estudos, pesquisas aplicadas e iniciativas que contribuam para o aprimoramento dos servi\u00e7os de saneamento e para o fortalecimento das pol\u00edticas p\u00fablicas voltadas \u00e0 \u00e1rea.<\/p>\n<p>Segundo o presidente da EMASA, Tauan Sampaio, a aproxima\u00e7\u00e3o com institui\u00e7\u00f5es de ensino superior \u00e9 estrat\u00e9gica para qualificar a gest\u00e3o p\u00fablica e estimular solu\u00e7\u00f5es inovadoras para os desafios do saneamento. \u201cOs desafios do saneamento exigem cada vez mais conhecimento t\u00e9cnico, planejamento e inova\u00e7\u00e3o. Por isso, buscamos fortalecer o di\u00e1logo com a UESC, que \u00e9 uma institui\u00e7\u00e3o de grande relev\u00e2ncia acad\u00eamica e cient\u00edfica. A integra\u00e7\u00e3o entre gest\u00e3o p\u00fablica e universidade pode gerar estudos, projetos e solu\u00e7\u00f5es que contribuam diretamente para melhorar os servi\u00e7os prestados \u00e0 popula\u00e7\u00e3o de Itabuna\u201d, destacou o presidente.<\/p>\n<p>O reitor Alessandro Fernandes ressaltou a import\u00e2ncia da coopera\u00e7\u00e3o entre universidade e institui\u00e7\u00f5es p\u00fablicas para a constru\u00e7\u00e3o de solu\u00e7\u00f5es que impactem positivamente a sociedade. \u201cA universidade tem um papel fundamental na produ\u00e7\u00e3o de conhecimento e no apoio \u00e0s pol\u00edticas p\u00fablicas. Ficamos satisfeitos em receber a equipe da EMASA e em dialogar sobre possibilidades de parcerias que possam envolver pesquisa, extens\u00e3o e forma\u00e7\u00e3o acad\u00eamica, sempre com foco em gerar benef\u00edcios para a comunidade\u201d, afirmou o reitor.<\/p>\n<p>A visita institucional d\u00e1 continuidade ao processo de aproxima\u00e7\u00e3o iniciado em encontros anteriores entre as duas institui\u00e7\u00f5es, que discutem a constru\u00e7\u00e3o de projetos e a\u00e7\u00f5es conjuntas voltadas ao desenvolvimento t\u00e9cnico, cient\u00edfico e socioambiental da regi\u00e3o.<\/p>\n<p><img decoding=\"async\" class=\"aligncenter size-medium wp-image-4395\" src=\"https:\/\/emasaitabuna.com.br\/new\/wp-content\/uploads\/2026\/03\/IMG-20260310-WA0015-500x395.jpg\" alt=\"\" width=\"500\" height=\"395\" srcset=\"https:\/\/emasaitabuna.com.br\/new\/wp-content\/uploads\/2026\/03\/IMG-20260310-WA0015-200x158.jpg 200w, https:\/\/emasaitabuna.com.br\/new\/wp-content\/uploads\/2026\/03\/IMG-20260310-WA0015-300x237.jpg 300w, https:\/\/emasaitabuna.com.br\/new\/wp-content\/uploads\/2026\/03\/IMG-20260310-WA0015-400x316.jpg 400w, https:\/\/emasaitabuna.com.br\/new\/wp-content\/uploads\/2026\/03\/IMG-20260310-WA0015-500x395.jpg 500w, https:\/\/emasaitabuna.com.br\/new\/wp-content\/uploads\/2026\/03\/IMG-20260310-WA0015-600x474.jpg 600w, https:\/\/emasaitabuna.com.br\/new\/wp-content\/uploads\/2026\/03\/IMG-20260310-WA0015-768x607.jpg 768w, https:\/\/emasaitabuna.com.br\/new\/wp-content\/uploads\/2026\/03\/IMG-20260310-WA0015-800x632.jpg 800w, https:\/\/emasaitabuna.com.br\/new\/wp-content\/uploads\/2026\/03\/IMG-20260310-WA0015-1200x948.jpg 1200w, https:\/\/emasaitabuna.com.br\/new\/wp-content\/uploads\/2026\/03\/IMG-20260310-WA0015-1536x1213.jpg 1536w, https:\/\/emasaitabuna.com.br\/new\/wp-content\/uploads\/2026\/03\/IMG-20260310-WA0015.jpg 1600w\" sizes=\"(max-width: 500px) 100vw, 500px\" \/><\/p>\n<p>\u2014\u2013<\/p>\n<p>Assessoria de Comunica\u00e7\u00e3o Social da EMASA<\/p>\n<p>10\/mar\u00e7o\/2026<\/p>\n","protected":false},"excerpt":{"rendered":"<p>Representantes da Empresa Municipal de \u00c1guas e Saneamento (EMASA) estiveram, na manh\u00e3 desta ter\u00e7a-feira (10), na Reitoria da Universidade Estadual [&hellip;]<\/p>\n","protected":false},"author":1,"featured_media":4394,"comment_status":"open","ping_status":"open","sticky":false,"template":"","format":"standard","meta":{"nf_dc_page":"","footnotes":""},"categories":[9],"tags":[],"class_list":["post-4392","post","type-post","status-publish","format-standard","has-post-thumbnail","hentry","category-noticias"],"_links":{"self":[{"href":"https:\/\/emasaitabuna.com.br\/new\/wp-json\/wp\/v2\/posts\/4392","targetHints":{"allow":["GET"]}}],"collection":[{"href":"https:\/\/emasaitabuna.com.br\/new\/wp-json\/wp\/v2\/posts"}],"about":[{"href":"https:\/\/emasaitabuna.com.br\/new\/wp-json\/wp\/v2\/types\/post"}],"author":[{"embeddable":true,"href":"https:\/\/emasaitabuna.com.br\/new\/wp-json\/wp\/v2\/users\/1"}],"replies":[{"embeddable":true,"href":"https:\/\/emasaitabuna.com.br\/new\/wp-json\/wp\/v2\/comments?post=4392"}],"version-history":[{"count":3,"href":"https:\/\/emasaitabuna.com.br\/new\/wp-json\/wp\/v2\/posts\/4392\/revisions"}],"predecessor-version":[{"id":4397,"href":"https:\/\/emasaitabuna.com.br\/new\/wp-json\/wp\/v2\/posts\/4392\/revisions\/4397"}],"wp:featuredmedia":[{"embeddable":true,"href":"https:\/\/emasaitabuna.com.br\/new\/wp-json\/wp\/v2\/media\/4394"}],"wp:attachment":[{"href":"https:\/\/emasaitabuna.com.br\/new\/wp-json\/wp\/v2\/media?parent=4392"}],"wp:term":[{"taxonomy":"category","embeddable":true,"href":"https:\/\/emasaitabuna.com.br\/new\/wp-json\/wp\/v2\/categories?post=4392"},{"taxonomy":"post_tag","embeddable":true,"href":"https:\/\/emasaitabuna.com.br\/new\/wp-json\/wp\/v2\/tags?post=4392"}],"curies":[{"name":"wp","href":"https:\/\/api.w.org\/{rel}","templated":true}]}}