{"id":4469,"date":"2026-04-25T10:01:45","date_gmt":"2026-04-25T13:01:45","guid":{"rendered":"https:\/\/emasaitabuna.com.br\/new\/?p=4469"},"modified":"2026-04-25T10:02:53","modified_gmt":"2026-04-25T13:02:53","slug":"emasa-promove-palestras-sobre-autismo-e-reforca-compromisso-com-inclusao-e-valorizacao-dos-colaboradores","status":"publish","type":"post","link":"https:\/\/emasaitabuna.com.br\/new\/emasa-promove-palestras-sobre-autismo-e-reforca-compromisso-com-inclusao-e-valorizacao-dos-colaboradores\/","title":{"rendered":"EMASA promove palestras sobre autismo e refor\u00e7a compromisso com inclus\u00e3o e valoriza\u00e7\u00e3o dos colaboradores"},"content":{"rendered":"<p><img decoding=\"async\" class=\"aligncenter size-medium wp-image-4471\" src=\"https:\/\/emasaitabuna.com.br\/new\/wp-content\/uploads\/2026\/04\/IMG-20260425-WA0007-281x500.jpg\" alt=\"\" width=\"281\" height=\"500\" srcset=\"https:\/\/emasaitabuna.com.br\/new\/wp-content\/uploads\/2026\/04\/IMG-20260425-WA0007-169x300.jpg 169w, https:\/\/emasaitabuna.com.br\/new\/wp-content\/uploads\/2026\/04\/IMG-20260425-WA0007-200x356.jpg 200w, https:\/\/emasaitabuna.com.br\/new\/wp-content\/uploads\/2026\/04\/IMG-20260425-WA0007-281x500.jpg 281w, https:\/\/emasaitabuna.com.br\/new\/wp-content\/uploads\/2026\/04\/IMG-20260425-WA0007-400x711.jpg 400w, https:\/\/emasaitabuna.com.br\/new\/wp-content\/uploads\/2026\/04\/IMG-20260425-WA0007-600x1067.jpg 600w, https:\/\/emasaitabuna.com.br\/new\/wp-content\/uploads\/2026\/04\/IMG-20260425-WA0007-675x1200.jpg 675w, https:\/\/emasaitabuna.com.br\/new\/wp-content\/uploads\/2026\/04\/IMG-20260425-WA0007-768x1365.jpg 768w, https:\/\/emasaitabuna.com.br\/new\/wp-content\/uploads\/2026\/04\/IMG-20260425-WA0007-800x1422.jpg 800w, https:\/\/emasaitabuna.com.br\/new\/wp-content\/uploads\/2026\/04\/IMG-20260425-WA0007-864x1536.jpg 864w, https:\/\/emasaitabuna.com.br\/new\/wp-content\/uploads\/2026\/04\/IMG-20260425-WA0007.jpg 900w\" sizes=\"(max-width: 281px) 100vw, 281px\" \/><\/p>\n<p>A Empresa Municipal de \u00c1guas e Saneamento (EMASA) realizar\u00e1, nos dias 27 e 28 de abril, palestras institucionais sobre o Transtorno do Espectro Autista (TEA), como parte das a\u00e7\u00f5es do Abril Azul, m\u00eas dedicado \u00e0 conscientiza\u00e7\u00e3o sobre o autismo. A iniciativa integra o eixo estrat\u00e9gico de Inclus\u00e3o, Acolhimento e Humaniza\u00e7\u00e3o do Programa de Valoriza\u00e7\u00e3o de Pessoas da empresa, com o objetivo de promover um ambiente mais inclusivo e preparado para atender colaboradores e a popula\u00e7\u00e3o.<\/p>\n<p>As palestras acontecer\u00e3o na segunda-feira (27), \u00e0s 8h, no audit\u00f3rio da ETA Principal, e no ter\u00e7a-feira (28), \u00e0s 8h, no refeit\u00f3rio do Escrit\u00f3rio Operacional, com apoio da Secretaria Municipal de Sa\u00fade de Itabuna, por meio da equipe do Espa\u00e7o TEA. O conte\u00fado ser\u00e1 apresentado de forma pr\u00e1tica, acess\u00edvel e humanizada, abordando temas como compreens\u00e3o sobre o TEA, orienta\u00e7\u00f5es de acolhimento e atendimento humanizado, al\u00e9m de informa\u00e7\u00f5es sobre diagn\u00f3stico, acompanhamento, direitos e fluxos da rede de sa\u00fade no munic\u00edpio.<\/p>\n<p>A a\u00e7\u00e3o foi pensada para fortalecer a cultura organizacional da EMASA, ampliando a sensibilidade dos colaboradores e contribuindo para um atendimento mais qualificado e emp\u00e1tico no dia a dia da empresa.<\/p>\n<p>Para o presidente da EMASA, Tauan Sampaio, investir na valoriza\u00e7\u00e3o das pessoas \u00e9 essencial para o fortalecimento institucional. \u201cCuidar dos nossos colaboradores tamb\u00e9m \u00e9 garantir um servi\u00e7o mais humano e eficiente para a popula\u00e7\u00e3o. Iniciativas como essa ampliam o conhecimento, promovem respeito \u00e0s diferen\u00e7as e fortalecem um ambiente de trabalho mais acolhedor e inclusivo\u201d, destacou.<\/p>\n<p>__<\/p>\n<p>Assessoria de Comunica\u00e7\u00e3o Social da EMASA<\/p>\n<p>25\/abril\/2026<\/p>\n","protected":false},"excerpt":{"rendered":"<p>A Empresa Municipal de \u00c1guas e Saneamento (EMASA) realizar\u00e1, nos dias 27 e 28 de abril, palestras institucionais sobre o [&hellip;]<\/p>\n","protected":false},"author":1,"featured_media":4471,"comment_status":"open","ping_status":"open","sticky":false,"template":"","format":"standard","meta":{"nf_dc_page":"","footnotes":""},"categories":[9],"tags":[],"class_list":["post-4469","post","type-post","status-publish","format-standard","has-post-thumbnail","hentry","category-noticias"],"_links":{"self":[{"href":"https:\/\/emasaitabuna.com.br\/new\/wp-json\/wp\/v2\/posts\/4469","targetHints":{"allow":["GET"]}}],"collection":[{"href":"https:\/\/emasaitabuna.com.br\/new\/wp-json\/wp\/v2\/posts"}],"about":[{"href":"https:\/\/emasaitabuna.com.br\/new\/wp-json\/wp\/v2\/types\/post"}],"author":[{"embeddable":true,"href":"https:\/\/emasaitabuna.com.br\/new\/wp-json\/wp\/v2\/users\/1"}],"replies":[{"embeddable":true,"href":"https:\/\/emasaitabuna.com.br\/new\/wp-json\/wp\/v2\/comments?post=4469"}],"version-history":[{"count":3,"href":"https:\/\/emasaitabuna.com.br\/new\/wp-json\/wp\/v2\/posts\/4469\/revisions"}],"predecessor-version":[{"id":4473,"href":"https:\/\/emasaitabuna.com.br\/new\/wp-json\/wp\/v2\/posts\/4469\/revisions\/4473"}],"wp:featuredmedia":[{"embeddable":true,"href":"https:\/\/emasaitabuna.com.br\/new\/wp-json\/wp\/v2\/media\/4471"}],"wp:attachment":[{"href":"https:\/\/emasaitabuna.com.br\/new\/wp-json\/wp\/v2\/media?parent=4469"}],"wp:term":[{"taxonomy":"category","embeddable":true,"href":"https:\/\/emasaitabuna.com.br\/new\/wp-json\/wp\/v2\/categories?post=4469"},{"taxonomy":"post_tag","embeddable":true,"href":"https:\/\/emasaitabuna.com.br\/new\/wp-json\/wp\/v2\/tags?post=4469"}],"curies":[{"name":"wp","href":"https:\/\/api.w.org\/{rel}","templated":true}]}}